{"id":46733,"date":"2026-01-06T21:48:05","date_gmt":"2026-01-06T21:48:05","guid":{"rendered":"https:\/\/haberbesiktas.tr\/?p=46733"},"modified":"2026-01-06T21:48:05","modified_gmt":"2026-01-06T21:48:05","slug":"besiktastan-kaleci-transferinde-b-plani","status":"publish","type":"post","link":"https:\/\/haberbesiktas.tr\/?p=46733","title":{"rendered":"Be\u015fikta\u015f&#8217;tan kaleci transferinde B plan\u0131!"},"content":{"rendered":"<div>\n<p>Transfer \u00e7al\u0131\u015fmalar\u0131na devam eden Be\u015fikta\u015f, tak\u0131m\u0131na kaleci deste\u011fi yapmak i\u00e7in gaza bast\u0131. <\/p>\n<p>Chelsea&#8217;den Filip J\u00f6rgensen ile ilgilenen Be\u015fikta\u015f, J\u00f6rgensen&#8217;de olumsuzluk ya\u015fanma ihtimaline ra\u011fmen alternatifini de belirledi.<\/p>\n<p> Siyah beyazl\u0131lar, Sporting Lizbon&#8217;dan 31 ya\u015f\u0131ndaki Portekizli kaleci <strong>Rui Silva<\/strong>&#8216;y\u0131 da listesine ekledi.<\/p>\n<p><strong>P\u0130YASA BEDEL\u0130 VE S\u00d6ZLE\u015eMES\u0130<\/strong><\/p>\n<p> Akt\u00fcel piyasa pahas\u0131 7 milyon Euro olan Silva&#8217;n\u0131n, Sporting ile mukavelesi 2028&#8217;e kadar devam ediyor.<\/p>\n<p><strong>PERFORMANSI<\/strong><\/p>\n<p> Rui Silva, bu d\u00f6nem Sporting Lizbon&#8217;da 21 ma\u00e7ta alana \u00e7\u0131kt\u0131. Kalesinde 16 gol g\u00f6ren deneyimli eldiven, 9 ma\u00e7ta ise a\u011flar\u0131n\u0131 gole kapatt\u0131.\u00a0<\/p>\n<\/div>\n","protected":false},"excerpt":{"rendered":"<p>Be\u015fikta\u015f, Chelsea&#8217;den kaleci Filip J\u00f6rgensen transferinde aksilik ya\u015fanmas\u0131 ihtimaline kar\u015f\u0131 Sporting Lizbon formas\u0131 giyen Rui Silva&#8217;y\u0131 alternatifler ortas\u0131na ald\u0131.<\/p>\n","protected":false},"author":1,"featured_media":46734,"comment_status":"open","ping_status":"open","sticky":false,"template":"","format":"standard","meta":{"footnotes":""},"categories":[25],"tags":[],"class_list":["post-46733","post","type-post","status-publish","format-standard","has-post-thumbnail","hentry","category-futbol"],"_links":{"self":[{"href":"https:\/\/haberbesiktas.tr\/index.php?rest_route=\/wp\/v2\/posts\/46733","targetHints":{"allow":["GET"]}}],"collection":[{"href":"https:\/\/haberbesiktas.tr\/index.php?rest_route=\/wp\/v2\/posts"}],"about":[{"href":"https:\/\/haberbesiktas.tr\/index.php?rest_route=\/wp\/v2\/types\/post"}],"author":[{"embeddable":true,"href":"https:\/\/haberbesiktas.tr\/index.php?rest_route=\/wp\/v2\/users\/1"}],"replies":[{"embeddable":true,"href":"https:\/\/haberbesiktas.tr\/index.php?rest_route=%2Fwp%2Fv2%2Fcomments&post=46733"}],"version-history":[{"count":1,"href":"https:\/\/haberbesiktas.tr\/index.php?rest_route=\/wp\/v2\/posts\/46733\/revisions"}],"predecessor-version":[{"id":46735,"href":"https:\/\/haberbesiktas.tr\/index.php?rest_route=\/wp\/v2\/posts\/46733\/revisions\/46735"}],"wp:featuredmedia":[{"embeddable":true,"href":"https:\/\/haberbesiktas.tr\/index.php?rest_route=\/wp\/v2\/media\/46734"}],"wp:attachment":[{"href":"https:\/\/haberbesiktas.tr\/index.php?rest_route=%2Fwp%2Fv2%2Fmedia&parent=46733"}],"wp:term":[{"taxonomy":"category","embeddable":true,"href":"https:\/\/haberbesiktas.tr\/index.php?rest_route=%2Fwp%2Fv2%2Fcategories&post=46733"},{"taxonomy":"post_tag","embeddable":true,"href":"https:\/\/haberbesiktas.tr\/index.php?rest_route=%2Fwp%2Fv2%2Ftags&post=46733"}],"curies":[{"name":"wp","href":"https:\/\/api.w.org\/{rel}","templated":true}]}}