{"id":46810,"date":"2026-01-07T02:12:05","date_gmt":"2026-01-07T02:12:05","guid":{"rendered":"https:\/\/haberbesiktas.tr\/?p=46810"},"modified":"2026-01-07T02:12:05","modified_gmt":"2026-01-07T02:12:05","slug":"samet-akaydinden-transfer-cevabi-ayriliyor-mu","status":"publish","type":"post","link":"https:\/\/haberbesiktas.tr\/?p=46810","title":{"rendered":"Samet Akaydin&#8217;den transfer cevab\u0131! Ayr\u0131l\u0131yor mu?"},"content":{"rendered":"<div>\n<p>\u00c7aykur Rizespor oyuncusu Samet Akayd\u0131n, d\u00f6nem sonu kontrat\u0131n\u0131n bitti\u011fini belirterek<strong> &#8220;Sezon sonuna kadar Rizespor i\u00e7in her \u015feyimi verece\u011fim.&#8221;<\/strong> dedi.<\/p>\n<p> Antalya&#8217;n\u0131n Belek Turizm Merkezi&#8217;nde kamp yapan ye\u015fil-mavili grubun ulusal oyuncusu Samet Akayd\u0131n, AA muhabirine, ligin birinci yar\u0131s\u0131nda genel olarak yeterli oynad\u0131klar\u0131n\u0131 fakat sonuca yans\u0131tamad\u0131klar\u0131n\u0131 s\u00f6yledi.<\/p>\n<p> Ligin ikinci yar\u0131s\u0131nda ellerinden gelenin daha d\u00fczg\u00fcn\u00fcn\u00fc yapmalar\u0131 gerekti\u011fini vurgulayan Samet Akayd\u0131n, <strong>&#8220;Tak\u0131m\u0131m\u0131z\u0131n kalitesinin, puan durumundaki yerini hak etmedi\u011fini d\u00fc\u015f\u00fcn\u00fcyorum. Sonu\u00e7 olarak \u00e7ok geride kald\u0131k. Bunlar\u0131 d\u00fczeltebilseydik daha farkl\u0131 yerlerde olabilirdik. Kampta, a\u011f\u0131r \u00e7al\u0131\u015f\u0131yoruz. Ho\u015f bir ortam\u0131m\u0131z var. \u0130kinci yar\u0131ya daha uygun ba\u015flamak istiyoruz. Daha \u00fcste t\u0131rmanman\u0131z gerekiyor.&#8221;<\/strong> dedi.<\/p>\n<p><strong>&#8220;SEZON SONU KONTRATIM B\u0130T\u0130YOR&#8221;\u00a0<\/strong> <\/p>\n<p> Samet Akayd\u0131n, ferdi performas manas\u0131nda d\u00f6nemin birinci yar\u0131s\u0131n\u0131 uygun ge\u00e7irdi\u011fini lisana getirdi.<\/p>\n<p> Bu d\u00f6nem daha uygun \u00e7al\u0131\u015ft\u0131\u011f\u0131n\u0131 ve daha g\u00fczel odakland\u0131\u011f\u0131n\u0131 anlatan ulusal futbolcu, <strong>&#8220;Sezon sonu mukavelem bitiyor. \u015eu anda Rizesporluyum. Bulundu\u011fum ortam benim i\u00e7in her vakit en k\u0131ymetlisidir. D\u00f6nem sonuna kadar Rizespor i\u00e7in her \u015feyimi verece\u011fim. Ondan sonra bakaca\u011f\u0131z lakin \u015fu anda transferle ilgili bir \u015fey d\u00fc\u015f\u00fcnm\u00fcyorum. B\u00fcsb\u00fct\u00fcn Rizespor&#8217;a odakl\u0131 gidiyorum.&#8221;<\/strong> diye konu\u015ftu.<\/p>\n<p> <strong>&#8220;D\u00dcNYA KUPASI&#8217;NA G\u0130TMEY\u0130 \u00c7OK \u0130ST\u0130YORUM&#8221;<\/strong><\/p>\n<p> Samet Akayd\u0131n, tek hayalinin ulusal kadroyla D\u00fcnya Kupas\u0131&#8217;na gitmek oldu\u011funu s\u00f6z ederek kelamlar\u0131n\u0131 \u015f\u00f6yle tamamlad\u0131:<\/p>\n<p> <strong>&#8220;Belki de futbol hayat\u0131mdaki son hayalim diyebilirim. \u00c7ok istiyorum. Onun i\u00e7in de bu sene \u00e7ok \u00e7al\u0131\u015f\u0131yorum. D\u00fcnya Kupas\u0131&#8217;na gitmeyi \u00e7ok istiyorum. \u0130n\u015fallah giderim. \u00dclkemizi en \u00e2l\u00e2 formda temsil etmi\u015ftim tekrar en yeterli bi\u00e7imde hizmet ederim.&#8221;<\/strong><\/p>\n<\/div>\n","protected":false},"excerpt":{"rendered":"<p>\u00c7aykur Rizesporlu Samet Akayd\u0131n, mukavelesinin d\u00f6nem sonunda bitece\u011fini a\u00e7\u0131klarken, &#8220;Sezon sonuna kadar Rizespor i\u00e7in her \u015feyimi verece\u011fim&#8221; dedi.<\/p>\n","protected":false},"author":1,"featured_media":46811,"comment_status":"open","ping_status":"open","sticky":false,"template":"","format":"standard","meta":{"footnotes":""},"categories":[25],"tags":[74,454,3078],"class_list":["post-46810","post","type-post","status-publish","format-standard","has-post-thumbnail","hentry","category-futbol","tag-rizespor","tag-samet-akaydin","tag-sezon-sonu"],"_links":{"self":[{"href":"https:\/\/haberbesiktas.tr\/index.php?rest_route=\/wp\/v2\/posts\/46810","targetHints":{"allow":["GET"]}}],"collection":[{"href":"https:\/\/haberbesiktas.tr\/index.php?rest_route=\/wp\/v2\/posts"}],"about":[{"href":"https:\/\/haberbesiktas.tr\/index.php?rest_route=\/wp\/v2\/types\/post"}],"author":[{"embeddable":true,"href":"https:\/\/haberbesiktas.tr\/index.php?rest_route=\/wp\/v2\/users\/1"}],"replies":[{"embeddable":true,"href":"https:\/\/haberbesiktas.tr\/index.php?rest_route=%2Fwp%2Fv2%2Fcomments&post=46810"}],"version-history":[{"count":1,"href":"https:\/\/haberbesiktas.tr\/index.php?rest_route=\/wp\/v2\/posts\/46810\/revisions"}],"predecessor-version":[{"id":46812,"href":"https:\/\/haberbesiktas.tr\/index.php?rest_route=\/wp\/v2\/posts\/46810\/revisions\/46812"}],"wp:featuredmedia":[{"embeddable":true,"href":"https:\/\/haberbesiktas.tr\/index.php?rest_route=\/wp\/v2\/media\/46811"}],"wp:attachment":[{"href":"https:\/\/haberbesiktas.tr\/index.php?rest_route=%2Fwp%2Fv2%2Fmedia&parent=46810"}],"wp:term":[{"taxonomy":"category","embeddable":true,"href":"https:\/\/haberbesiktas.tr\/index.php?rest_route=%2Fwp%2Fv2%2Fcategories&post=46810"},{"taxonomy":"post_tag","embeddable":true,"href":"https:\/\/haberbesiktas.tr\/index.php?rest_route=%2Fwp%2Fv2%2Ftags&post=46810"}],"curies":[{"name":"wp","href":"https:\/\/api.w.org\/{rel}","templated":true}]}}