{"id":46816,"date":"2026-01-07T02:36:04","date_gmt":"2026-01-07T02:36:04","guid":{"rendered":"https:\/\/haberbesiktas.tr\/?p=46816"},"modified":"2026-01-07T02:36:04","modified_gmt":"2026-01-07T02:36:04","slug":"samsunspordan-transfer-aciklamasi","status":"publish","type":"post","link":"https:\/\/haberbesiktas.tr\/?p=46816","title":{"rendered":"Samsunspor&#8217;dan transfer a\u00e7\u0131klamas\u0131!"},"content":{"rendered":"<div>\n<p>Trendyol S\u00fcper Lig tak\u0131mlar\u0131ndan Samsunspor&#8217;un futbol y\u00f6neticisi Fuat \u00c7apa, kurallar olu\u015fursa 5-6 transfer planlad\u0131klar\u0131n\u0131 s\u00f6yledi.\u00a0<\/p>\n<p> \u00c7apa, Nuri Asan Tesisleri&#8217;ndeki bas\u0131n toplant\u0131s\u0131nda, transfer periyodunun s\u0131rf mevcut muhta\u00e7l\u0131klar \u00e7er\u00e7evesinde ele al\u0131nmamas\u0131 gerekti\u011fini belirtti.<\/p>\n<p> Transferde 2 d\u00f6nemlik yasa\u011f\u0131n\u0131n akabinde birinci kere planl\u0131 bir transfer periyodu ya\u015fad\u0131klar\u0131na i\u015faret eden \u00c7apa, bu s\u00fcrecin kul\u00fcp ismine k\u0131ymetli &#8220;f\u0131rsat&#8221; oldu\u011funu vurgulad\u0131. <\/p>\n<p> Tak\u0131m planlamas\u0131n\u0131 \u00fc\u00e7 ana ba\u015fl\u0131k alt\u0131nda yapt\u0131klar\u0131na dikkati \u00e7eken \u00c7apa, uzun vadeli katk\u0131 sa\u011flayacak oyuncular, k\u0131sa vadede sportif ve ekonomik k\u0131ymet sunacak isimler ile geli\u015fime a\u00e7\u0131k gen\u00e7 futbolcular \u00fczerine bir yap\u0131 olu\u015fturduklar\u0131n\u0131 anlatt\u0131.<\/p>\n<p> Ge\u00e7en d\u00f6nemi \u00fc\u00e7\u00fcnc\u00fc s\u0131rada tamamlayan tak\u0131m\u0131n b\u00fcy\u00fck \u00f6l\u00e7\u00fcde korundu\u011funu s\u00f6z eden \u00c7apa, birinci 11&#8217;de oynayanlardan sadece Marc Bola ve Youssef \u0130li\u015fkin Bennasser&#8217;in kadrodan ayr\u0131ld\u0131\u011f\u0131n\u0131, yap\u0131lan transferlerde ya\u015f ortalamas\u0131n\u0131 d\u00fc\u015f\u00fcrmeye itina g\u00f6sterdiklerini lisana getirdi.<\/p>\n<p> D\u00f6nemin birinci k\u0131sm\u0131nda ya\u015fanan sakatl\u0131klar\u0131n performans\u0131 direkt etkiledi\u011fini aktaran \u00c7apa, \u015f\u00f6yle devam etti:<\/p>\n<p> <strong>&#8220;Ayn\u0131 anda hamle s\u0131n\u0131r\u0131 ve orta saha b\u00f6lgelerinde \u00f6nemli sakatl\u0131klar ya\u015fad\u0131k. Kimi ma\u00e7larda birinci 11&#8217;de tercih edilebilecek 6 oyuncumuz sakatt\u0131. Vakit zaman 13-14 oyuncu ve gen\u00e7 desteklerle alana \u00e7\u0131kmak zorunda kald\u0131k. Buna kar\u015f\u0131n ligin birinci 14 haftas\u0131nda s\u0131rf bir yenilgi ald\u0131k. Bu s\u00fcre\u00e7 bize, tak\u0131m yap\u0131lanmas\u0131nda temel eksiklik olmad\u0131\u011f\u0131n\u0131 g\u00f6sterdi. Sakatl\u0131klar ya\u015fanmasayd\u0131 bug\u00fcn 25&#8217;in \u00e7ok \u00fczerinde bir puan konu\u015fuyor olabilirdik. Gaziantep FK, Fenerbah\u00e7e ve Galatasaray m\u00fcsabakalar\u0131nda g\u00fcnlerce tart\u0131\u015f\u0131lan durumlar ya\u015fand\u0131. Bu puanlar\u0131n eklenmesiyle tablo \u00e7ok daha farkl\u0131 olabilirdi.&#8221;<\/strong><\/p>\n<p> <strong>&#8220;\u0130LK 5 HEDEF\u0130&#8221;\u00a0<\/strong><\/p>\n<p> Devre ortas\u0131 transfer planlamas\u0131na ait bilgi veren \u00c7apa<strong>, &#8220;Yerli bir kaleci, iki kanat oyuncusu, orta saha, forvet ve savunmaya destek yapmay\u0131 hedefliyoruz. Kurallar olu\u015fursa 5-6 transfer ger\u00e7ekle\u015ftirmeyi planl\u0131yoruz. Sakat oyuncular\u0131n d\u00f6n\u00fc\u015f\u00fcyle \u015fubat ay\u0131ndan itibaren tak\u0131m alternatifleri artacak. D\u00f6nem ba\u015f\u0131nda belirlenen birinci 5 maksad\u0131 hala ge\u00e7erlili\u011fini koruyor.&#8221;<\/strong> dedi.<\/p>\n<p> \u00c7apa, Emre K\u0131l\u0131n\u00e7&#8217;\u0131n sakatl\u0131\u011f\u0131n planlamalar\u0131n\u0131 direkt etkiledi\u011fini lisana getirerek <strong>&#8220;Sa\u011fl\u0131k tak\u0131m\u0131m\u0131z\u0131n \u00f6ng\u00f6r\u00fcs\u00fcne nazaran yakla\u015f\u0131k 12 haftal\u0131k bir s\u00fcre\u00e7 kelam konusu. Bu da mart ay\u0131n\u0131 i\u015faret ediyor. D\u00f6nemi kapatt\u0131 diyemeyiz fakat d\u00f6n\u00fc\u015f sonras\u0131 ritmini bulmas\u0131 vakit alacakt\u0131r.&#8221;<\/strong> diye konu\u015ftu.<\/p>\n<p> Anthony Musaba&#8217;n\u0131n transfer s\u00fcrecine de de\u011finen ve oyuncuyu T\u00fcrkiye&#8217;ye gelme konusunda liderleri Y\u00fcksel Y\u0131ld\u0131r\u0131m&#8217;\u0131n ikna etti\u011fini anlatan \u00c7apa, \u015funlar\u0131 s\u00f6yledi:<\/p>\n<p> <strong>&#8220;Oyuncu, mukavelesine \u00e7\u0131k\u0131\u015f hususu koyulmas\u0131 kaidesiyle geldi ve biz bunu kabul ettik. G\u00f6sterdi\u011fi performans dikkat cazipti lakin son haftalarda performans\u0131nda d\u00fc\u015f\u00fc\u015f ya\u015fand\u0131. Kul\u00fcpler ortas\u0131nda rastgele bir sorun kelam konusu de\u011fil. Say\u0131n Saadettin Saran, ba\u015fkan\u0131m\u0131z Y\u00fcksel Y\u0131ld\u0131r\u0131m&#8217;\u0131 arayarak Musaba&#8217;ya ilgi duyduklar\u0131n\u0131, kontrattaki maddeyi 2 Ocak prestijiyle yerine getireceklerini iletti. Bu do\u011frultuda \u00f6deme yap\u0131ld\u0131 ve oyuncu Fenerbah\u00e7e futbolcusu oldu.&#8221;<\/strong><\/p>\n<p> \u00c7apa, yerli oyuncu havuzunun dar ve bonservis bedellerinin y\u00fcksek olmas\u0131n\u0131n transfer s\u00fcre\u00e7lerini zorla\u015ft\u0131rd\u0131\u011f\u0131n\u0131 kelamlar\u0131na ekledi.<\/p>\n<\/div>\n","protected":false},"excerpt":{"rendered":"<p>Samsunspor Futbol Y\u00f6neticisi Fuat \u00c7apa, ko\u015fullar\u0131n olu\u015fmas\u0131 halinde devre ortas\u0131nda 5-6 transfer yapmay\u0131 planlad\u0131klar\u0131n\u0131 ve birinci 5 maksad\u0131n\u0131n devam etti\u011fini a\u00e7\u0131klad\u0131.<\/p>\n","protected":false},"author":1,"featured_media":46817,"comment_status":"open","ping_status":"open","sticky":false,"template":"","format":"standard","meta":{"footnotes":""},"categories":[25],"tags":[2311,49,1640,48,475],"class_list":["post-46816","post","type-post","status-publish","format-standard","has-post-thumbnail","hentry","category-futbol","tag-capa","tag-oyuncu","tag-sakat","tag-transfer","tag-yas"],"_links":{"self":[{"href":"https:\/\/haberbesiktas.tr\/index.php?rest_route=\/wp\/v2\/posts\/46816","targetHints":{"allow":["GET"]}}],"collection":[{"href":"https:\/\/haberbesiktas.tr\/index.php?rest_route=\/wp\/v2\/posts"}],"about":[{"href":"https:\/\/haberbesiktas.tr\/index.php?rest_route=\/wp\/v2\/types\/post"}],"author":[{"embeddable":true,"href":"https:\/\/haberbesiktas.tr\/index.php?rest_route=\/wp\/v2\/users\/1"}],"replies":[{"embeddable":true,"href":"https:\/\/haberbesiktas.tr\/index.php?rest_route=%2Fwp%2Fv2%2Fcomments&post=46816"}],"version-history":[{"count":1,"href":"https:\/\/haberbesiktas.tr\/index.php?rest_route=\/wp\/v2\/posts\/46816\/revisions"}],"predecessor-version":[{"id":46818,"href":"https:\/\/haberbesiktas.tr\/index.php?rest_route=\/wp\/v2\/posts\/46816\/revisions\/46818"}],"wp:featuredmedia":[{"embeddable":true,"href":"https:\/\/haberbesiktas.tr\/index.php?rest_route=\/wp\/v2\/media\/46817"}],"wp:attachment":[{"href":"https:\/\/haberbesiktas.tr\/index.php?rest_route=%2Fwp%2Fv2%2Fmedia&parent=46816"}],"wp:term":[{"taxonomy":"category","embeddable":true,"href":"https:\/\/haberbesiktas.tr\/index.php?rest_route=%2Fwp%2Fv2%2Fcategories&post=46816"},{"taxonomy":"post_tag","embeddable":true,"href":"https:\/\/haberbesiktas.tr\/index.php?rest_route=%2Fwp%2Fv2%2Ftags&post=46816"}],"curies":[{"name":"wp","href":"https:\/\/api.w.org\/{rel}","templated":true}]}}