{"id":46832,"date":"2026-01-07T04:00:05","date_gmt":"2026-01-07T04:00:05","guid":{"rendered":"https:\/\/haberbesiktas.tr\/?p=46832"},"modified":"2026-01-07T04:00:05","modified_gmt":"2026-01-07T04:00:05","slug":"kayserispor-stadyumunda-zemine-soguk-kalkani","status":"publish","type":"post","link":"https:\/\/haberbesiktas.tr\/?p=46832","title":{"rendered":"Kayserispor Stadyumu&#8217;nda zemine so\u011fuk kalkan\u0131!"},"content":{"rendered":"<div>\n<p>S\u00fcper Lig tak\u0131mlar\u0131ndan Zecorner Kayserispor&#8217;un ma\u00e7lar\u0131na mesken sahipli\u011fi yapan RHG Enert\u00fcrk G\u00fc\u00e7 Stadyumu&#8217;nun yeri, kentte hava s\u0131cakl\u0131klar\u0131n\u0131n eksi 17 derecelere kadar d\u00fc\u015fmesinin akabinde, \u00f6zel naylon \u00f6rt\u00fc ile kapland\u0131.<\/p>\n<p>Stadyum m\u00fcd\u00fcr\u00fc Ali Y\u0131lmaz, <strong>&#8220;K\u0131\u015f d\u00f6neminde taban\u0131n rutin muhafazalar\u0131 yap\u0131l\u0131yor. Yapay \u00e7im g\u00fc\u00e7lendirme ara\u00e7lar\u0131, yapay \u0131\u015f\u0131kland\u0131rma vererek \u00e7imlerin g\u00fc\u00e7lendirilmesini sa\u011fl\u0131yoruz&#8221;<\/strong> dedi.<\/p>\n<p> Kentte tesirli olan kar ya\u011f\u0131\u015f\u0131n\u0131n akabinde hava s\u0131cakl\u0131klar\u0131 eksi 17 derecelere kadar d\u00fc\u015ft\u00fc. S\u00fcper Lig&#8217;de u\u011fra\u015f eden Zecorner Kayserispor&#8217;un ma\u00e7lar\u0131na mesken sahipli\u011fi yapan RHG Enert\u00fcrk G\u00fc\u00e7 Stadyumu&#8217;nda da taban\u0131n korunmas\u0131 i\u00e7in \u00e7al\u0131\u015fmalar yap\u0131ld\u0131. Lige verilen ortada, B\u00fcy\u00fck\u015fehir Belediyesi b\u00fcnyesindeki Spor A.\u015e. taraf\u0131ndan bak\u0131m ve tamirleri yap\u0131lan stadyumda, yerin dondan etkilenmemesi i\u00e7in \u00e7im \u00fcst\u00fcne \u00f6zel naylon \u00f6rt\u00fc serildi. Eksi 17 derecede stadyum taban\u0131 naylon \u00f6rt\u00fcyle hava ald\u0131r\u0131lmazken, 2-3 g\u00fcn ortas\u0131nda ise \u00f6rt\u00fc kald\u0131r\u0131l\u0131p \u00e7imler havaland\u0131r\u0131ld\u0131. Yapay g\u00fcne\u015fleme sisteminin de devrede oldu\u011fu stadyumda, \u00e7imlerin so\u011fuk havadan ziyan g\u00f6rmemesi i\u00e7in \u00e7al\u0131\u015fmalar s\u00fcr\u00fcyor.<\/p>\n<p> <img decoding=\"async\" src=\"https:\/\/haberbesiktas.tr\/wp-content\/uploads\/2026\/01\/kayserispor-stadyumunda-zemine-soguk-kalkani-0-wlWML86I.jpg\"\/> <\/p>\n<p> <strong>&#8216;\u00c7\u0130M\u0130N SA\u011eLIKLI KALMASINI SA\u011eLADIK&#8217;<\/strong><\/p>\n<p> Stadyum m\u00fcd\u00fcr\u00fc Ali Y\u0131lmaz, <strong>&#8220;K\u0131\u015f d\u00f6neminde yerin rutin m\u00fcdafaalar\u0131 yap\u0131l\u0131yor. Yapay \u00e7im g\u00fc\u00e7lendirme ara\u00e7lar\u0131, yapay \u0131\u015f\u0131kland\u0131rma vererek \u00e7imlerin g\u00fc\u00e7lendirilmesini sa\u011fl\u0131yoruz. Bunu esasen k\u0131\u015f boyunca alanda gezdirerek yap\u0131yoruz. Kar ya\u011f\u0131\u015f\u0131n\u0131n akabinde inan\u0131lmaz bir so\u011fuk vard\u0131. Hava s\u0131cakl\u0131klar\u0131 eksi 17, 18 hatta 20&#8217;lere kadar d\u00fc\u015ft\u00fc. Burada bu sistem k\u00e2fi olmuyor. Ekstradan hami bir \u00f6rt\u00fc sermemiz gerekti. Hava alabilen bir \u00f6rt\u00fc ile bir de naylon \u00f6rt\u00fclerimiz var. Biz hava \u00e7ok so\u011fuk oldu\u011fu i\u00e7in naylon \u00f6rt\u00fcleri tercih ettik. 2-3 g\u00fcn yerin \u00fczerini naylonla kapatt\u0131k. 2-3 g\u00fcnde bir de \u00f6rt\u00fcy\u00fc kald\u0131r\u0131p, havaland\u0131rma yapt\u0131k. Bu bi\u00e7imde \u00e7imin sa\u011fl\u0131kl\u0131 kalmas\u0131n\u0131 sa\u011flad\u0131k&#8221;<\/strong> dedi.\u00a0<\/p>\n<p> <strong>&#8216;G\u00d6LGE ALANLARDA G\u00dcNE\u015e\u0130N TAKL\u0130D\u0130 OLUYOR&#8217;<\/strong><\/p>\n<p> Ligin ikinci yar\u0131s\u0131 i\u00e7in \u00e7al\u0131\u015fmalar\u0131n\u0131n devam etti\u011fini belirten Y\u0131lmaz, <strong>&#8220;\u015eu anda taban\u0131m\u0131z g\u00fczel. Son ma\u00e7tan sonra bak\u0131m \u00e7al\u0131\u015fmas\u0131 yapt\u0131k. Akabinde da bu so\u011fuklar geldi. Tekrar de \u015fu anda tohumlar\u0131m\u0131z \u00e7\u0131kt\u0131. Yerimiz d\u00fczg\u00fcn durumda. Asl\u0131nda naylonu a\u00e7t\u0131ktan sonra bunu da g\u00f6receksiniz. \u015eu anda ligin ikinci yar\u0131s\u0131na haz\u0131r\u0131z ancak \u00f6n\u00fcm\u00fczde biraz daha vakit var. Bu durum bizim i\u00e7in daha d\u00fczg\u00fcn olacak ve ho\u015f bir taban ile ikinci devreye ba\u015flayaca\u011f\u0131z. Yapay g\u00fcne\u015flendirme \u0131\u015f\u0131klar\u0131 stadyumun yap\u0131s\u0131ndan \u00f6t\u00fcr\u00fc g\u00f6lge alanlarda kullan\u0131lan, g\u00fcne\u015fin taklidi \u00fczere oluyor. \u00c7imin g\u00fcne\u015fe gereksinimi var. Bunu da stadyum yap\u0131s\u0131ndan \u00f6t\u00fcr\u00fc sa\u011flayamad\u0131\u011f\u0131m\u0131z i\u00e7in bilhassa k\u0131\u015f aylar\u0131nda alanlarda \u00e7ok fazla g\u00f6lge oluyor. Onun i\u00e7in bu \u0131\u015f\u0131klar\u0131 kullan\u0131yoruz bu sayede \u00e7im hem daha fazla fotosentez yap\u0131yor hem de k\u00f6k\u00fcn\u00fc g\u00fc\u00e7lendirip, daha g\u00fc\u00e7l\u00fc kal\u0131yor. Y\u0131llard\u0131r yapay \u0131\u015f\u0131kland\u0131rmalar\u0131 kullan\u0131yoruz&#8221;<\/strong> diye konu\u015ftu.<\/p>\n<\/div>\n","protected":false},"excerpt":{"rendered":"<p>Kayserispor&#8217;un ma\u00e7lar\u0131n\u0131 oynad\u0131\u011f\u0131 RHG Enert\u00fcrk G\u00fc\u00e7 Stadyumu&#8217;nun taban\u0131, hava s\u0131cakl\u0131klar\u0131n\u0131n eksi 17 dereceye d\u00fc\u015fmesi sonras\u0131 don riskine kar\u015f\u0131 \u00f6zel naylon \u00f6rt\u00fcyle m\u00fcdafaa alt\u0131na al\u0131nd\u0131.<\/p>\n","protected":false},"author":1,"featured_media":46833,"comment_status":"open","ping_status":"open","sticky":false,"template":"","format":"standard","meta":{"footnotes":""},"categories":[25],"tags":[3590,107,1489,2192,3591],"class_list":["post-46832","post","type-post","status-publish","format-standard","has-post-thumbnail","hentry","category-futbol","tag-cim","tag-gun","tag-hava","tag-stadyum","tag-yapay"],"_links":{"self":[{"href":"https:\/\/haberbesiktas.tr\/index.php?rest_route=\/wp\/v2\/posts\/46832","targetHints":{"allow":["GET"]}}],"collection":[{"href":"https:\/\/haberbesiktas.tr\/index.php?rest_route=\/wp\/v2\/posts"}],"about":[{"href":"https:\/\/haberbesiktas.tr\/index.php?rest_route=\/wp\/v2\/types\/post"}],"author":[{"embeddable":true,"href":"https:\/\/haberbesiktas.tr\/index.php?rest_route=\/wp\/v2\/users\/1"}],"replies":[{"embeddable":true,"href":"https:\/\/haberbesiktas.tr\/index.php?rest_route=%2Fwp%2Fv2%2Fcomments&post=46832"}],"version-history":[{"count":1,"href":"https:\/\/haberbesiktas.tr\/index.php?rest_route=\/wp\/v2\/posts\/46832\/revisions"}],"predecessor-version":[{"id":46835,"href":"https:\/\/haberbesiktas.tr\/index.php?rest_route=\/wp\/v2\/posts\/46832\/revisions\/46835"}],"wp:featuredmedia":[{"embeddable":true,"href":"https:\/\/haberbesiktas.tr\/index.php?rest_route=\/wp\/v2\/media\/46833"}],"wp:attachment":[{"href":"https:\/\/haberbesiktas.tr\/index.php?rest_route=%2Fwp%2Fv2%2Fmedia&parent=46832"}],"wp:term":[{"taxonomy":"category","embeddable":true,"href":"https:\/\/haberbesiktas.tr\/index.php?rest_route=%2Fwp%2Fv2%2Fcategories&post=46832"},{"taxonomy":"post_tag","embeddable":true,"href":"https:\/\/haberbesiktas.tr\/index.php?rest_route=%2Fwp%2Fv2%2Ftags&post=46832"}],"curies":[{"name":"wp","href":"https:\/\/api.w.org\/{rel}","templated":true}]}}