{"id":46836,"date":"2026-01-07T04:12:04","date_gmt":"2026-01-07T04:12:04","guid":{"rendered":"https:\/\/haberbesiktas.tr\/?p=46836"},"modified":"2026-01-07T04:12:04","modified_gmt":"2026-01-07T04:12:04","slug":"altinorduda-transfer-onceligi-stoper","status":"publish","type":"post","link":"https:\/\/haberbesiktas.tr\/?p=46836","title":{"rendered":"Alt\u0131nordu&#8217;da transfer \u00f6nceli\u011fi stoper!"},"content":{"rendered":"<div>\n<p>2&#8217;nci Lig Beyaz K\u00fcme&#8217;de ikinci yar\u0131 \u00f6ncesi d\u00fc\u015fme potas\u0131ndan kurtulman\u0131n planlar\u0131n\u0131 yapan Alt\u0131nordu&#8217;da Teknik Y\u00f6netici Se\u00e7kin T\u0131ra\u015f, savunmada ya\u015fanan s\u0131k\u0131nt\u0131lara tahlil bulacaklar\u0131n\u0131 lisana getirdi.<\/p>\n<p> Oynanan 18 ma\u00e7\u0131n tamam\u0131nda gol yenmesinin bu alanda net eksikleri g\u00f6sterdi\u011fini vurgulayan teknik i\u015fveren T\u0131ra\u015f, <strong>&#8220;Bu tablo, defansif manada g\u00fc\u00e7lenmemiz gerekti\u011fini a\u00e7\u0131k\u00e7a ortaya koyuyor. \u0130kinci yar\u0131da bilhassa savunma b\u00f6lgesine deneyimli ve net oyuncular kazand\u0131rmak istiyoruz. Bunu yaparken kul\u00fcb\u00fcm\u00fcz\u00fcn ekonomik istikrar\u0131n\u0131 bozmadan hareket etmeye \u00e7al\u0131\u015faca\u011f\u0131z&#8221;<\/strong> dedi.<\/p>\n<p> Ekibin potansiyeline inand\u0131\u011f\u0131n\u0131 vurgulayan deneyimli teknik adam, alana yans\u0131t\u0131lacak u\u011fra\u015f g\u00fcc\u00fcn\u00fcn belirleyici olaca\u011f\u0131n\u0131 s\u00f6yleyerek, <strong>&#8220;Antrenmanlarda g\u00f6sterdi\u011fimiz \u00f6zverinin y\u00fczde 40&#8217;\u0131n\u0131 ma\u00e7lara yans\u0131tabilirsek, her ekibin can\u0131n\u0131 yakar\u0131z. Buna y\u00fcrekten inan\u0131yorum. Oyuncular\u0131m\u0131z \u00e7ok yeterli \u00e7al\u0131\u015f\u0131yor. Taraftarlar\u0131m\u0131z\u0131n dayana\u011f\u0131 ile bu gen\u00e7 oyuncu k\u00fcmesinin \u00e7ok daha g\u00fc\u00e7l\u00fc tepki verece\u011fine inan\u0131yorum. \u0130kinci yar\u0131da alanda farkl\u0131 bir Alt\u0131nordu izletmek i\u00e7in \u00e7ok s\u0131k\u0131 \u00e7al\u0131\u015faca\u011f\u0131z. Gerekli takviyelerle bu kul\u00fcb\u00fc hak etti\u011fi noktaya ta\u015f\u0131mak i\u00e7in elimizden geleni yapaca\u011f\u0131z&#8221;<\/strong> diye konu\u015ftu.<\/p>\n<\/div>\n","protected":false},"excerpt":{"rendered":"<p>Alt\u0131nordu Teknik Y\u00f6neticisi Nadir T\u0131ra\u015f, ikinci yar\u0131 \u00f6ncesi savunmadaki problemlere dikkat \u00e7ekerek &#8220;Defansta deneyimli ve net destekler yapaca\u011f\u0131z&#8221; dedi.<\/p>\n","protected":false},"author":1,"featured_media":46837,"comment_status":"open","ping_status":"open","sticky":false,"template":"","format":"standard","meta":{"footnotes":""},"categories":[25],"tags":[],"class_list":["post-46836","post","type-post","status-publish","format-standard","has-post-thumbnail","hentry","category-futbol"],"_links":{"self":[{"href":"https:\/\/haberbesiktas.tr\/index.php?rest_route=\/wp\/v2\/posts\/46836","targetHints":{"allow":["GET"]}}],"collection":[{"href":"https:\/\/haberbesiktas.tr\/index.php?rest_route=\/wp\/v2\/posts"}],"about":[{"href":"https:\/\/haberbesiktas.tr\/index.php?rest_route=\/wp\/v2\/types\/post"}],"author":[{"embeddable":true,"href":"https:\/\/haberbesiktas.tr\/index.php?rest_route=\/wp\/v2\/users\/1"}],"replies":[{"embeddable":true,"href":"https:\/\/haberbesiktas.tr\/index.php?rest_route=%2Fwp%2Fv2%2Fcomments&post=46836"}],"version-history":[{"count":1,"href":"https:\/\/haberbesiktas.tr\/index.php?rest_route=\/wp\/v2\/posts\/46836\/revisions"}],"predecessor-version":[{"id":46838,"href":"https:\/\/haberbesiktas.tr\/index.php?rest_route=\/wp\/v2\/posts\/46836\/revisions\/46838"}],"wp:featuredmedia":[{"embeddable":true,"href":"https:\/\/haberbesiktas.tr\/index.php?rest_route=\/wp\/v2\/media\/46837"}],"wp:attachment":[{"href":"https:\/\/haberbesiktas.tr\/index.php?rest_route=%2Fwp%2Fv2%2Fmedia&parent=46836"}],"wp:term":[{"taxonomy":"category","embeddable":true,"href":"https:\/\/haberbesiktas.tr\/index.php?rest_route=%2Fwp%2Fv2%2Fcategories&post=46836"},{"taxonomy":"post_tag","embeddable":true,"href":"https:\/\/haberbesiktas.tr\/index.php?rest_route=%2Fwp%2Fv2%2Ftags&post=46836"}],"curies":[{"name":"wp","href":"https:\/\/api.w.org\/{rel}","templated":true}]}}