{"id":46839,"date":"2026-01-07T04:24:05","date_gmt":"2026-01-07T04:24:05","guid":{"rendered":"https:\/\/haberbesiktas.tr\/?p=46839"},"modified":"2026-01-07T04:24:05","modified_gmt":"2026-01-07T04:24:05","slug":"besiktas-mert-gunok-ile-yollarini-ayirdi","status":"publish","type":"post","link":"https:\/\/haberbesiktas.tr\/?p=46839","title":{"rendered":"Be\u015fikta\u015f, Mert G\u00fcnok ile yollar\u0131n\u0131 ay\u0131rd\u0131!"},"content":{"rendered":"<div>\n<p>Be\u015fikta\u015f&#8217;ta tak\u0131m d\u0131\u015f\u0131 b\u0131rak\u0131lan ve kul\u00fcp bulmas\u0131 istenen Mert G\u00fcnok ile yollar resmen ayr\u0131ld\u0131. <\/p>\n<p>Siyah-beyazl\u0131 kul\u00fcp, tecr\u00fcbeli kalecinin mukavelesini feshederken, ulusal file bek\u00e7isinin 7 Ocak \u00c7ar\u015famba g\u00fcn\u00fc Fenerbah\u00e7e ile mukavele imzalamas\u0131 bekleniyor.<\/p>\n<p><strong>BONSERV\u0130S BEDEL\u0130 \u00d6DENMEYECEK<\/strong><\/p>\n<p> Altyap\u0131s\u0131ndan yeti\u015fti\u011fi Fenerbah\u00e7e&#8217;ye d\u00f6nmeye haz\u0131rlanan Mert G\u00fcnok&#8217;un transferinde bonservis bedeli \u00f6denmeyecek.<\/p>\n<p><strong>CENG\u0130Z \u00dcNDER DETAYI<\/strong><\/p>\n<p> \u00d6te yandan transfer s\u00fcrecine ba\u011fl\u0131 olarak Cengiz \u00dcnder ayr\u0131nt\u0131s\u0131 da dikkat \u00e7ekiyor. <\/p>\n<p>Anla\u015fma kapsam\u0131nda Be\u015fikta\u015f&#8217;\u0131n, d\u00f6nem sonunda Cengiz \u00dcnder&#8217;in sat\u0131n alma opsiyonunu kullanmas\u0131 halinde, belirlenen bedelin 6 milyon eurodan 5 milyon euroya d\u00fc\u015fece\u011fi tabir edildi.<\/p>\n<\/div>\n","protected":false},"excerpt":{"rendered":"<p>Be\u015fikta\u015f, kontrat\u0131n\u0131 feshetti\u011fi Mert G\u00fcnok ile yollar\u0131n\u0131 ay\u0131r\u0131rken, tecr\u00fcbeli kalecinin bonservissiz olarak Fenerbah\u00e7e&#8217;ye imza atmas\u0131 bekleniyor.<\/p>\n","protected":false},"author":1,"featured_media":46840,"comment_status":"open","ping_status":"open","sticky":false,"template":"","format":"standard","meta":{"footnotes":""},"categories":[25],"tags":[],"class_list":["post-46839","post","type-post","status-publish","format-standard","has-post-thumbnail","hentry","category-futbol"],"_links":{"self":[{"href":"https:\/\/haberbesiktas.tr\/index.php?rest_route=\/wp\/v2\/posts\/46839","targetHints":{"allow":["GET"]}}],"collection":[{"href":"https:\/\/haberbesiktas.tr\/index.php?rest_route=\/wp\/v2\/posts"}],"about":[{"href":"https:\/\/haberbesiktas.tr\/index.php?rest_route=\/wp\/v2\/types\/post"}],"author":[{"embeddable":true,"href":"https:\/\/haberbesiktas.tr\/index.php?rest_route=\/wp\/v2\/users\/1"}],"replies":[{"embeddable":true,"href":"https:\/\/haberbesiktas.tr\/index.php?rest_route=%2Fwp%2Fv2%2Fcomments&post=46839"}],"version-history":[{"count":1,"href":"https:\/\/haberbesiktas.tr\/index.php?rest_route=\/wp\/v2\/posts\/46839\/revisions"}],"predecessor-version":[{"id":46841,"href":"https:\/\/haberbesiktas.tr\/index.php?rest_route=\/wp\/v2\/posts\/46839\/revisions\/46841"}],"wp:featuredmedia":[{"embeddable":true,"href":"https:\/\/haberbesiktas.tr\/index.php?rest_route=\/wp\/v2\/media\/46840"}],"wp:attachment":[{"href":"https:\/\/haberbesiktas.tr\/index.php?rest_route=%2Fwp%2Fv2%2Fmedia&parent=46839"}],"wp:term":[{"taxonomy":"category","embeddable":true,"href":"https:\/\/haberbesiktas.tr\/index.php?rest_route=%2Fwp%2Fv2%2Fcategories&post=46839"},{"taxonomy":"post_tag","embeddable":true,"href":"https:\/\/haberbesiktas.tr\/index.php?rest_route=%2Fwp%2Fv2%2Ftags&post=46839"}],"curies":[{"name":"wp","href":"https:\/\/api.w.org\/{rel}","templated":true}]}}