{"id":46842,"date":"2026-01-07T04:36:08","date_gmt":"2026-01-07T04:36:08","guid":{"rendered":"https:\/\/haberbesiktas.tr\/?p=46842"},"modified":"2026-01-07T04:36:08","modified_gmt":"2026-01-07T04:36:08","slug":"cuesta-vascoda-kaldi-galatasaraya-yeni-odeme","status":"publish","type":"post","link":"https:\/\/haberbesiktas.tr\/?p=46842","title":{"rendered":"Cuesta, Vasco&#8217;da kald\u0131! Galatasaray&#8217;a yeni \u00f6deme"},"content":{"rendered":"<div>Galatasaray&#8217;\u0131n yaz transfer devrinde Vasco da Gama&#8217;ya kiralad\u0131\u011f\u0131 Carlos Cuesta, Brezilya grubundaki performans\u0131yla dikkatleri \u00fczerine \u00e7ekti. Kolombiyal\u0131 savunmac\u0131 i\u00e7in k\u0131ymetli bir karar al\u0131nd\u0131.<\/p>\n<p> <strong>VASCO DA GAMA, CUESTA&#8217;YI TAKIMDA TUTTU<\/strong><\/p>\n<p> Brezilya temsilcisi, Carlos Cuesta&#8217;n\u0131n mukavelesinde yer alan +1 y\u0131ll\u0131k kiralama opsiyonunu devreye soktu. Bu geli\u015fmeyle birlikte 26 ya\u015f\u0131ndaki stoperin Vasco da Gama&#8217;daki kontrat\u0131 31 Aral\u0131k 2026 tarihine kadar uzat\u0131ld\u0131.<\/p>\n<p> <strong>GALATASARAY&#8217;A \u00d6DEME YAPILDI<\/strong><\/p>\n<p> Vasco da Gama, opsiyonun kullan\u0131ld\u0131\u011f\u0131n\u0131 Brezilya Futbol Federasyonu&#8217;na bildirirken, muahede kapsam\u0131nda Galatasaray&#8217;a 1.5 milyon euro \u00f6deme yapt\u0131.\u00a0<\/p>\n<p> \u00a0<img decoding=\"async\" src=\"https:\/\/haberbesiktas.tr\/wp-content\/uploads\/2026\/01\/cuesta-vascoda-kaldi-galatasaraya-yeni-odeme-0-JO7Ypvvm.jpg\"\/><\/p>\n<\/div>\n","protected":false},"excerpt":{"rendered":"<p>Vasco da Gama, Carlos Cuesta&#8217;n\u0131n mukavelesindeki +1 y\u0131l kiralama opsiyonunu kullanarak 26 ya\u015f\u0131ndaki stoperle 31 Aral\u0131k 2026&#8217;ya kadar ge\u00e7erli yeni mukavele imzalad\u0131\u011f\u0131n\u0131 Brezilya Futbol Federasyonu&#8217;na bildirdi.<\/p>\n","protected":false},"author":1,"featured_media":46843,"comment_status":"open","ping_status":"open","sticky":false,"template":"","format":"standard","meta":{"footnotes":""},"categories":[25],"tags":[],"class_list":["post-46842","post","type-post","status-publish","format-standard","has-post-thumbnail","hentry","category-futbol"],"_links":{"self":[{"href":"https:\/\/haberbesiktas.tr\/index.php?rest_route=\/wp\/v2\/posts\/46842","targetHints":{"allow":["GET"]}}],"collection":[{"href":"https:\/\/haberbesiktas.tr\/index.php?rest_route=\/wp\/v2\/posts"}],"about":[{"href":"https:\/\/haberbesiktas.tr\/index.php?rest_route=\/wp\/v2\/types\/post"}],"author":[{"embeddable":true,"href":"https:\/\/haberbesiktas.tr\/index.php?rest_route=\/wp\/v2\/users\/1"}],"replies":[{"embeddable":true,"href":"https:\/\/haberbesiktas.tr\/index.php?rest_route=%2Fwp%2Fv2%2Fcomments&post=46842"}],"version-history":[{"count":1,"href":"https:\/\/haberbesiktas.tr\/index.php?rest_route=\/wp\/v2\/posts\/46842\/revisions"}],"predecessor-version":[{"id":46845,"href":"https:\/\/haberbesiktas.tr\/index.php?rest_route=\/wp\/v2\/posts\/46842\/revisions\/46845"}],"wp:featuredmedia":[{"embeddable":true,"href":"https:\/\/haberbesiktas.tr\/index.php?rest_route=\/wp\/v2\/media\/46843"}],"wp:attachment":[{"href":"https:\/\/haberbesiktas.tr\/index.php?rest_route=%2Fwp%2Fv2%2Fmedia&parent=46842"}],"wp:term":[{"taxonomy":"category","embeddable":true,"href":"https:\/\/haberbesiktas.tr\/index.php?rest_route=%2Fwp%2Fv2%2Fcategories&post=46842"},{"taxonomy":"post_tag","embeddable":true,"href":"https:\/\/haberbesiktas.tr\/index.php?rest_route=%2Fwp%2Fv2%2Ftags&post=46842"}],"curies":[{"name":"wp","href":"https:\/\/api.w.org\/{rel}","templated":true}]}}