{"id":46846,"date":"2026-01-07T04:48:06","date_gmt":"2026-01-07T04:48:06","guid":{"rendered":"https:\/\/haberbesiktas.tr\/?p=46846"},"modified":"2026-01-07T04:48:06","modified_gmt":"2026-01-07T04:48:06","slug":"milli-eskrimci-furkan-yamandan-altin-madalya","status":"publish","type":"post","link":"https:\/\/haberbesiktas.tr\/?p=46846","title":{"rendered":"Milli eskrimci Furkan Yaman&#8217;dan alt\u0131n madalya!"},"content":{"rendered":"<p>Milli eskrimci Furkan Yaman, Kolombiya&#8217;da d\u00fczenlenen Gen\u00e7ler K\u0131l\u0131\u00e7 D\u00fcnya Kupas\u0131&#8217;nda alt\u0131n madalya kazand\u0131.<\/p>\n<p> T\u00fcrkiye Eskrim Federasyonunun a\u00e7\u0131klamas\u0131na nazaran, ba\u015f\u015fehir Bogota&#8217;da ger\u00e7ekle\u015ftirilen Gen\u00e7ler K\u0131l\u0131\u00e7 D\u00fcnya Kupas\u0131&#8217;nda ay-y\u0131ld\u0131zl\u0131 atletlerden Furkan Yaman, rakiplerini ma\u011flup ederek k\u00fcrs\u00fcn\u00fcn en \u00fcst basama\u011f\u0131na \u00e7\u0131kt\u0131 ve alt\u0131n madalyan\u0131n sahibi oldu.<\/p>\n","protected":false},"excerpt":{"rendered":"<p>Furkan Yaman, Gen\u00e7ler K\u0131l\u0131\u00e7 D\u00fcnya Kupas\u0131&#8217;nda alt\u0131n madalya kazand\u0131.<\/p>\n","protected":false},"author":1,"featured_media":46847,"comment_status":"open","ping_status":"open","sticky":false,"template":"","format":"standard","meta":{"footnotes":""},"categories":[27],"tags":[],"class_list":["post-46846","post","type-post","status-publish","format-standard","has-post-thumbnail","hentry","category-guncel-haberler"],"_links":{"self":[{"href":"https:\/\/haberbesiktas.tr\/index.php?rest_route=\/wp\/v2\/posts\/46846","targetHints":{"allow":["GET"]}}],"collection":[{"href":"https:\/\/haberbesiktas.tr\/index.php?rest_route=\/wp\/v2\/posts"}],"about":[{"href":"https:\/\/haberbesiktas.tr\/index.php?rest_route=\/wp\/v2\/types\/post"}],"author":[{"embeddable":true,"href":"https:\/\/haberbesiktas.tr\/index.php?rest_route=\/wp\/v2\/users\/1"}],"replies":[{"embeddable":true,"href":"https:\/\/haberbesiktas.tr\/index.php?rest_route=%2Fwp%2Fv2%2Fcomments&post=46846"}],"version-history":[{"count":1,"href":"https:\/\/haberbesiktas.tr\/index.php?rest_route=\/wp\/v2\/posts\/46846\/revisions"}],"predecessor-version":[{"id":46848,"href":"https:\/\/haberbesiktas.tr\/index.php?rest_route=\/wp\/v2\/posts\/46846\/revisions\/46848"}],"wp:featuredmedia":[{"embeddable":true,"href":"https:\/\/haberbesiktas.tr\/index.php?rest_route=\/wp\/v2\/media\/46847"}],"wp:attachment":[{"href":"https:\/\/haberbesiktas.tr\/index.php?rest_route=%2Fwp%2Fv2%2Fmedia&parent=46846"}],"wp:term":[{"taxonomy":"category","embeddable":true,"href":"https:\/\/haberbesiktas.tr\/index.php?rest_route=%2Fwp%2Fv2%2Fcategories&post=46846"},{"taxonomy":"post_tag","embeddable":true,"href":"https:\/\/haberbesiktas.tr\/index.php?rest_route=%2Fwp%2Fv2%2Ftags&post=46846"}],"curies":[{"name":"wp","href":"https:\/\/api.w.org\/{rel}","templated":true}]}}