{"id":46849,"date":"2026-01-07T05:00:07","date_gmt":"2026-01-07T05:00:07","guid":{"rendered":"https:\/\/haberbesiktas.tr\/?p=46849"},"modified":"2026-01-07T05:00:07","modified_gmt":"2026-01-07T05:00:07","slug":"mert-gunok-besiktas-defterini-resmen-kapatti","status":"publish","type":"post","link":"https:\/\/haberbesiktas.tr\/?p=46849","title":{"rendered":"Mert G\u00fcnok, Be\u015fikta\u015f defterini resmen kapatt\u0131!"},"content":{"rendered":"<div>\n<p>Milli kaleci Mert G\u00fcnok, Be\u015fikta\u015f ile olan mukavelesini feshetti. Bu geli\u015fmeyle birlikte 36 ya\u015f\u0131ndaki deneyimli file bek\u00e7isinin siyah-beyazl\u0131 mesle\u011fi resmen noktalanm\u0131\u015f oldu.<\/p>\n<p> <strong>FENERBAH\u00c7E \u0130LE \u0130MZA BEKLEN\u0130YOR\u00a0<\/strong><\/p>\n<p> Mert G\u00fcnok&#8217;un, 7 Ocak \u00c7ar\u015famba g\u00fcn\u00fc altyap\u0131s\u0131ndan yeti\u015fti\u011fi Fenerbah\u00e7e ile mukavele imzalamas\u0131 bekleniyor.\u00a0 <\/p>\n<p> <strong>CENG\u0130Z \u00dcNDER DETAYI<\/strong><\/p>\n<p> Transfer s\u00fcrecine ba\u011fl\u0131 olarak Cengiz \u00dcnder ayr\u0131nt\u0131s\u0131 da \u00f6ne \u00e7\u0131k\u0131yor. Mutabakat kapsam\u0131nda Fenerbah\u00e7e&#8217;nin Be\u015fikta\u015f&#8217;a bonservis bedeli \u00f6demeyece\u011fi, siyah-beyazl\u0131lar\u0131n d\u00f6nem sonunda Cengiz \u00dcnder&#8217;in sat\u0131n alma opsiyonunu kullanmas\u0131 halinde ise belirlenen bedelin 6 milyon eurodan 5 milyon euroya d\u00fc\u015fece\u011fi kaydedildi.<\/p>\n<p> <strong>10 YIL SONRA GER\u0130 D\u00d6N\u00dc\u015e<\/strong><\/p>\n<p> Fenerbah\u00e7e altyap\u0131s\u0131ndan yeti\u015fen Mert G\u00fcnok&#8217;un, imzan\u0131n at\u0131lmas\u0131 halinde 10 y\u0131l sonra yine sar\u0131-lacivertli formay\u0131 giymesi bekleniyor.\u00a0<\/p>\n<\/div>\n","protected":false},"excerpt":{"rendered":"<p>36 ya\u015f\u0131ndaki ulusal kaleci Mert G\u00fcnok Be\u015fikta\u015f ile olan kontrat\u0131n\u0131 feshetti. Tecr\u00fcbeli eldivenin k\u0131sa m\u00fcddet i\u00e7erisinde Fenerbah\u00e7e&#8217;ye imza atmas\u0131 bekleniyor.<\/p>\n","protected":false},"author":1,"featured_media":46850,"comment_status":"open","ping_status":"open","sticky":false,"template":"","format":"standard","meta":{"footnotes":""},"categories":[25],"tags":[],"class_list":["post-46849","post","type-post","status-publish","format-standard","has-post-thumbnail","hentry","category-futbol"],"_links":{"self":[{"href":"https:\/\/haberbesiktas.tr\/index.php?rest_route=\/wp\/v2\/posts\/46849","targetHints":{"allow":["GET"]}}],"collection":[{"href":"https:\/\/haberbesiktas.tr\/index.php?rest_route=\/wp\/v2\/posts"}],"about":[{"href":"https:\/\/haberbesiktas.tr\/index.php?rest_route=\/wp\/v2\/types\/post"}],"author":[{"embeddable":true,"href":"https:\/\/haberbesiktas.tr\/index.php?rest_route=\/wp\/v2\/users\/1"}],"replies":[{"embeddable":true,"href":"https:\/\/haberbesiktas.tr\/index.php?rest_route=%2Fwp%2Fv2%2Fcomments&post=46849"}],"version-history":[{"count":1,"href":"https:\/\/haberbesiktas.tr\/index.php?rest_route=\/wp\/v2\/posts\/46849\/revisions"}],"predecessor-version":[{"id":46851,"href":"https:\/\/haberbesiktas.tr\/index.php?rest_route=\/wp\/v2\/posts\/46849\/revisions\/46851"}],"wp:featuredmedia":[{"embeddable":true,"href":"https:\/\/haberbesiktas.tr\/index.php?rest_route=\/wp\/v2\/media\/46850"}],"wp:attachment":[{"href":"https:\/\/haberbesiktas.tr\/index.php?rest_route=%2Fwp%2Fv2%2Fmedia&parent=46849"}],"wp:term":[{"taxonomy":"category","embeddable":true,"href":"https:\/\/haberbesiktas.tr\/index.php?rest_route=%2Fwp%2Fv2%2Fcategories&post=46849"},{"taxonomy":"post_tag","embeddable":true,"href":"https:\/\/haberbesiktas.tr\/index.php?rest_route=%2Fwp%2Fv2%2Ftags&post=46849"}],"curies":[{"name":"wp","href":"https:\/\/api.w.org\/{rel}","templated":true}]}}