{"id":46855,"date":"2026-01-07T05:24:04","date_gmt":"2026-01-07T05:24:04","guid":{"rendered":"https:\/\/haberbesiktas.tr\/?p=46855"},"modified":"2026-01-07T05:24:04","modified_gmt":"2026-01-07T05:24:04","slug":"adanada-cocuklarla-bulusan-sadettin-sarandan-sampiyonluk-sozleri","status":"publish","type":"post","link":"https:\/\/haberbesiktas.tr\/?p=46855","title":{"rendered":"Adana&#8217;da \u00e7ocuklarla bulu\u015fan Sadettin Saran&#8217;dan \u015fampiyonluk s\u00f6zleri"},"content":{"rendered":"<div>\n<p>Fenerbah\u00e7e Kul\u00fcb\u00fc Lideri Sadettin Saran, Adana&#8217;da ilkokul \u00f6\u011frencileriyle bulu\u015ftu.<\/p>\n<p> Ba\u015fkan Saran, y\u00f6netim kurulu \u00fcyeleriyle &#8220;Her Deplasman Bir Okul Projesi&#8221; kapsam\u0131nda merkez Sar\u0131\u00e7am il\u00e7esindeki Akkuyu \u0130lkokulunu ziyaret etti.<\/p>\n<p> \u00d6\u011frencilerle sohbet eden ve \u00e7anta da\u011f\u0131tan Saran, daha sonra Fenerbah\u00e7e formas\u0131 imzalayarak foto\u011fraf \u00e7ektirdi. <\/p>\n<p> <img decoding=\"async\" src=\"https:\/\/haberbesiktas.tr\/wp-content\/uploads\/2026\/01\/adanada-cocuklarla-bulusan-sadettin-sarandan-sampiyonluk-sozleri-0-1Q6BX2MR.jpg\"\/><\/p>\n<p><strong>&#8220;B\u00dcT\u00dcN \u00c7OCUKLARI FENERBAH\u00c7EL\u0130 YAPACA\u011eIZ&#8221;\u00a0<\/strong><\/p>\n<p> Lider Saran, \u00f6\u011frencilerle bir ortada olmaktan duydu\u011fu memnunlu\u011fu lisana getirerek, <strong>&#8220;Sizler bizim gelece\u011fimizsiniz, uygun ki vars\u0131n\u0131z. Bu y\u0131l kadromuzu \u015fampiyon yaparak b\u00fct\u00fcn \u00e7ocuklar\u0131 Fenerbah\u00e7eli yapaca\u011f\u0131z fakat t\u0131pk\u0131 vakitte okullar\u0131 ziyaret ederek de Fenerbah\u00e7eli yapmaya \u00e7al\u0131\u015f\u0131yoruz. En b\u00fcy\u00fck Fenerbah\u00e7e, en b\u00fcy\u00fck sizsiniz. G\u00fczel ki vars\u0131n\u0131z, sizleri seviyorum.&#8221;<\/strong> s\u00f6zlerini kulland\u0131.\u00a0<\/p>\n<\/div>\n","protected":false},"excerpt":{"rendered":"<p>Fenerbah\u00e7e Ba\u015fkan\u0131 Sadettin Saran, &#8220;Her Deplasman Bir Okul&#8221; projesi kapsam\u0131nda Adana&#8217;da ilkokul \u00f6\u011frencileriyle bir ortaya geldi.<\/p>\n","protected":false},"author":1,"featured_media":46856,"comment_status":"open","ping_status":"open","sticky":false,"template":"","format":"standard","meta":{"footnotes":""},"categories":[25],"tags":[115],"class_list":["post-46855","post","type-post","status-publish","format-standard","has-post-thumbnail","hentry","category-futbol","tag-fenerbahce"],"_links":{"self":[{"href":"https:\/\/haberbesiktas.tr\/index.php?rest_route=\/wp\/v2\/posts\/46855","targetHints":{"allow":["GET"]}}],"collection":[{"href":"https:\/\/haberbesiktas.tr\/index.php?rest_route=\/wp\/v2\/posts"}],"about":[{"href":"https:\/\/haberbesiktas.tr\/index.php?rest_route=\/wp\/v2\/types\/post"}],"author":[{"embeddable":true,"href":"https:\/\/haberbesiktas.tr\/index.php?rest_route=\/wp\/v2\/users\/1"}],"replies":[{"embeddable":true,"href":"https:\/\/haberbesiktas.tr\/index.php?rest_route=%2Fwp%2Fv2%2Fcomments&post=46855"}],"version-history":[{"count":1,"href":"https:\/\/haberbesiktas.tr\/index.php?rest_route=\/wp\/v2\/posts\/46855\/revisions"}],"predecessor-version":[{"id":46858,"href":"https:\/\/haberbesiktas.tr\/index.php?rest_route=\/wp\/v2\/posts\/46855\/revisions\/46858"}],"wp:featuredmedia":[{"embeddable":true,"href":"https:\/\/haberbesiktas.tr\/index.php?rest_route=\/wp\/v2\/media\/46856"}],"wp:attachment":[{"href":"https:\/\/haberbesiktas.tr\/index.php?rest_route=%2Fwp%2Fv2%2Fmedia&parent=46855"}],"wp:term":[{"taxonomy":"category","embeddable":true,"href":"https:\/\/haberbesiktas.tr\/index.php?rest_route=%2Fwp%2Fv2%2Fcategories&post=46855"},{"taxonomy":"post_tag","embeddable":true,"href":"https:\/\/haberbesiktas.tr\/index.php?rest_route=%2Fwp%2Fv2%2Ftags&post=46855"}],"curies":[{"name":"wp","href":"https:\/\/api.w.org\/{rel}","templated":true}]}}