{"id":46862,"date":"2026-01-07T05:48:03","date_gmt":"2026-01-07T05:48:03","guid":{"rendered":"https:\/\/haberbesiktas.tr\/?p=46862"},"modified":"2026-01-07T05:48:03","modified_gmt":"2026-01-07T05:48:03","slug":"eczacibasi-dynavit-sampiyonlar-liginde-numia-vero-volleyi-agirlayacak","status":"publish","type":"post","link":"https:\/\/haberbesiktas.tr\/?p=46862","title":{"rendered":"Eczac\u0131ba\u015f\u0131 Dynavit, \u015eampiyonlar Ligi&#8217;nde Numia Vero Volley&#8217;i a\u011f\u0131rlayacak"},"content":{"rendered":"<p>\u00a0Eczac\u0131ba\u015f\u0131 Dynavit Bayan Voleybol Kadrosu, CEV Zeren Group \u015eampiyonlar Ligi C K\u00fcmesi&#8217;nin 3. haftas\u0131nda 7 Ocak \u00c7ar\u015famba g\u00fcn\u00fc \u0130talya&#8217;n\u0131n Numia Vero Volley ekibini konuk edecek.<\/p>\n<p> Eczac\u0131ba\u015f\u0131 Spor Salonu&#8217;nda oynanacak \u00e7aba saat 19.30&#8217;da ba\u015flayacak.<\/p>\n<p> Kar\u015f\u0131la\u015fmada Predrag Balandzic (S\u0131rbistan) ve Vitor Alexandre Goncalves (Portekiz) hakem ikilisi vazife yapacak.<\/p>\n<p> K\u00fcmedeki birinci ma\u00e7\u0131nda S\u0131rbistan&#8217;\u0131n OK Zeleznicar grubunu 3-0 yenen \u0130stanbul temsilcisi, ikinci m\u00fcsabakada ise Yunanistan grubu Olympiakos&#8217;a 3-2 ma\u011flup oldu.<\/p>\n","protected":false},"excerpt":{"rendered":"<p>Eczac\u0131ba\u015f\u0131 Dynavit Bayan Voleybol Grubu, CEV Zeren Group \u015eampiyonlar Ligi C K\u00fcmesi&#8217;nin 3. haftas\u0131nda 7 Ocak \u00c7ar\u015famba g\u00fcn\u00fc \u0130talya&#8217;n\u0131n Numia Vero Volley ekibini a\u011f\u0131rlayacak.<\/p>\n","protected":false},"author":1,"featured_media":46863,"comment_status":"open","ping_status":"open","sticky":false,"template":"","format":"standard","meta":{"footnotes":""},"categories":[39],"tags":[],"class_list":["post-46862","post","type-post","status-publish","format-standard","has-post-thumbnail","hentry","category-voleybol"],"_links":{"self":[{"href":"https:\/\/haberbesiktas.tr\/index.php?rest_route=\/wp\/v2\/posts\/46862","targetHints":{"allow":["GET"]}}],"collection":[{"href":"https:\/\/haberbesiktas.tr\/index.php?rest_route=\/wp\/v2\/posts"}],"about":[{"href":"https:\/\/haberbesiktas.tr\/index.php?rest_route=\/wp\/v2\/types\/post"}],"author":[{"embeddable":true,"href":"https:\/\/haberbesiktas.tr\/index.php?rest_route=\/wp\/v2\/users\/1"}],"replies":[{"embeddable":true,"href":"https:\/\/haberbesiktas.tr\/index.php?rest_route=%2Fwp%2Fv2%2Fcomments&post=46862"}],"version-history":[{"count":1,"href":"https:\/\/haberbesiktas.tr\/index.php?rest_route=\/wp\/v2\/posts\/46862\/revisions"}],"predecessor-version":[{"id":46864,"href":"https:\/\/haberbesiktas.tr\/index.php?rest_route=\/wp\/v2\/posts\/46862\/revisions\/46864"}],"wp:featuredmedia":[{"embeddable":true,"href":"https:\/\/haberbesiktas.tr\/index.php?rest_route=\/wp\/v2\/media\/46863"}],"wp:attachment":[{"href":"https:\/\/haberbesiktas.tr\/index.php?rest_route=%2Fwp%2Fv2%2Fmedia&parent=46862"}],"wp:term":[{"taxonomy":"category","embeddable":true,"href":"https:\/\/haberbesiktas.tr\/index.php?rest_route=%2Fwp%2Fv2%2Fcategories&post=46862"},{"taxonomy":"post_tag","embeddable":true,"href":"https:\/\/haberbesiktas.tr\/index.php?rest_route=%2Fwp%2Fv2%2Ftags&post=46862"}],"curies":[{"name":"wp","href":"https:\/\/api.w.org\/{rel}","templated":true}]}}