{"id":46892,"date":"2026-01-07T07:48:06","date_gmt":"2026-01-07T07:48:06","guid":{"rendered":"https:\/\/haberbesiktas.tr\/?p=46892"},"modified":"2026-01-07T07:48:06","modified_gmt":"2026-01-07T07:48:06","slug":"irfan-can-kahvecinin-yeni-takimi-belli-oldu","status":"publish","type":"post","link":"https:\/\/haberbesiktas.tr\/?p=46892","title":{"rendered":"\u0130rfan Can Kahveci&#8217;nin yeni tak\u0131m\u0131 belli oldu!"},"content":{"rendered":"<div>\n<p>Fenerbah\u00e7e&#8217;de Cenk Tosun ile birlikte tak\u0131m d\u0131\u015f\u0131 b\u0131rak\u0131lan \u0130rfan Can Kahveci ile ilgili s\u00fcrpriz bir geli\u015fme ya\u015fand\u0131.<\/p>\n<p> Ulusal oyuncunun Trendyol Muhte\u015fem Lig&#8217;den s\u00fcrpriz bir kadro talip oldu.\u00a0<\/p>\n<p> <strong>ANLA\u015eMA SA\u011eLANDI<\/strong><\/p>\n<p> <span><em><strong>TRT Spor&#8217;da yer alan habere nazaran,<\/strong> <\/em><\/span>Kas\u0131mpa\u015fa, 30 ya\u015f\u0131ndaki oyuncunun transferi konusunda sar\u0131-lacivertli kul\u00fcp ile anla\u015ft\u0131.<\/p>\n<p> \u0130rfan Can&#8217;\u0131n karar\u0131 do\u011frultusunda transferin resmiyet kazanmas\u0131 bekleniyor.<\/p>\n<p> <strong>FENERBAH\u00c7E \u0130LE OLAN S\u00d6ZLE\u015eMES\u0130<\/strong><\/p>\n<p> Sar\u0131-lacivertliler, 30 ya\u015f\u0131ndaki futbolcuyla 12 Ocak 2025 tarihinde yeni kontrat imzalam\u0131\u015ft\u0131. \u0130rfan Can Kahveci&#8217;nin Fenerbah\u00e7e ile 2028 yaz\u0131na kadar kontrat\u0131 bulunuyor.<\/p>\n<\/div>\n","protected":false},"excerpt":{"rendered":"<p>Fenerbah\u00e7e&#8217;de tak\u0131m d\u0131\u015f\u0131 kalan \u0130rfan Can Kahveci i\u00e7in Kas\u0131mpa\u015fa devreye girerken, iki kul\u00fcp transferde mutabakat sa\u011flad\u0131.<\/p>\n","protected":false},"author":1,"featured_media":46893,"comment_status":"open","ping_status":"open","sticky":false,"template":"","format":"standard","meta":{"footnotes":""},"categories":[25],"tags":[],"class_list":["post-46892","post","type-post","status-publish","format-standard","has-post-thumbnail","hentry","category-futbol"],"_links":{"self":[{"href":"https:\/\/haberbesiktas.tr\/index.php?rest_route=\/wp\/v2\/posts\/46892","targetHints":{"allow":["GET"]}}],"collection":[{"href":"https:\/\/haberbesiktas.tr\/index.php?rest_route=\/wp\/v2\/posts"}],"about":[{"href":"https:\/\/haberbesiktas.tr\/index.php?rest_route=\/wp\/v2\/types\/post"}],"author":[{"embeddable":true,"href":"https:\/\/haberbesiktas.tr\/index.php?rest_route=\/wp\/v2\/users\/1"}],"replies":[{"embeddable":true,"href":"https:\/\/haberbesiktas.tr\/index.php?rest_route=%2Fwp%2Fv2%2Fcomments&post=46892"}],"version-history":[{"count":1,"href":"https:\/\/haberbesiktas.tr\/index.php?rest_route=\/wp\/v2\/posts\/46892\/revisions"}],"predecessor-version":[{"id":46894,"href":"https:\/\/haberbesiktas.tr\/index.php?rest_route=\/wp\/v2\/posts\/46892\/revisions\/46894"}],"wp:featuredmedia":[{"embeddable":true,"href":"https:\/\/haberbesiktas.tr\/index.php?rest_route=\/wp\/v2\/media\/46893"}],"wp:attachment":[{"href":"https:\/\/haberbesiktas.tr\/index.php?rest_route=%2Fwp%2Fv2%2Fmedia&parent=46892"}],"wp:term":[{"taxonomy":"category","embeddable":true,"href":"https:\/\/haberbesiktas.tr\/index.php?rest_route=%2Fwp%2Fv2%2Fcategories&post=46892"},{"taxonomy":"post_tag","embeddable":true,"href":"https:\/\/haberbesiktas.tr\/index.php?rest_route=%2Fwp%2Fv2%2Ftags&post=46892"}],"curies":[{"name":"wp","href":"https:\/\/api.w.org\/{rel}","templated":true}]}}