{"id":46895,"date":"2026-01-07T08:00:05","date_gmt":"2026-01-07T08:00:05","guid":{"rendered":"https:\/\/haberbesiktas.tr\/?p=46895"},"modified":"2026-01-07T08:00:05","modified_gmt":"2026-01-07T08:00:05","slug":"cenk-tosun-istanbuldan-kopamadi-iste-yeni-takimi","status":"publish","type":"post","link":"https:\/\/haberbesiktas.tr\/?p=46895","title":{"rendered":"Cenk Tosun \u0130stanbul&#8217;dan kopamad\u0131: \u0130\u015fte yeni tak\u0131m\u0131"},"content":{"rendered":"<div>\n<p>Ara transfer devrinde tak\u0131m yap\u0131land\u0131rmas\u0131na giden Fenerbah\u00e7e&#8217;de ayr\u0131l\u0131klar \u015fekillenmeye ba\u015flad\u0131.<\/p>\n<p> Sar\u0131-lacivertli idarenin kendisine kul\u00fcp bulmas\u0131n\u0131 istedi\u011fi ve bir m\u00fcddettir tak\u0131m d\u0131\u015f\u0131 olan<strong> Cenk Tosun<\/strong>, \u0130stanbul tak\u0131m\u0131 Kas\u0131mpa\u015fa ile mutabakata \u00e7ok yak\u0131n.<\/p>\n<p> <strong>\u0130STANBUL TERC\u0130H\u0130 BEL\u0130RLEY\u0130C\u0130 OLDU<\/strong><\/p>\n<p> <span><em><strong>Gazeteci Ertan S\u00fczg\u00fcn&#8217;\u00fcn aktard\u0131\u011f\u0131 bilgilere nazaran,<\/strong><\/em><\/span> Kas\u0131mpa\u015fa ile Fenerbah\u00e7e ortas\u0131nda yap\u0131lan resmi g\u00f6r\u00fc\u015fmelerde de\u011ferli aral\u0131k kat edildi. Transfer s\u00fcrecinde, Kas\u0131mpa\u015fa Teknik Y\u00f6neticisi Emre Bel\u00f6zo\u011flu&#8217;nun Cenk Tosun&#8217;u tak\u0131m\u0131nda g\u00f6rme iste\u011finin tesirli oldu\u011fu tabir ediliyor.\u00a0 <\/p>\n<p> Daha evvel Ey\u00fcpspor, Antalyaspor ve Fatih Karag\u00fcmr\u00fck ile de ismi an\u0131lan deneyimli golc\u00fcn\u00fcn, \u0130stanbul&#8217;dan ayr\u0131lmak istememesi ve mevcut sistemini muhafaza niyeti nedeniyle tercihini Kas\u0131mpa\u015fa&#8217;dan yana kulland\u0131\u011f\u0131 \u00f6\u011frenildi.<\/p>\n<p><strong>FENERBAH\u00c7E KAR\u0130YER\u0130<\/strong><\/p>\n<p>Fenerbah\u00e7e mesle\u011finde 29 ma\u00e7a \u00e7\u0131kan Cenk Tosun, 2 gol 2 asistlik performans sergiledi.<\/p>\n<\/div>\n","protected":false},"excerpt":{"rendered":"<p>Fenerbah\u00e7e&#8217;de tak\u0131m d\u0131\u015f\u0131 b\u0131rak\u0131lan deneyimli golc\u00fc Cenk Tosun&#8217;un S\u00fcper Lig tak\u0131mlar\u0131ndan Kas\u0131mpa\u015fa ile prensip mutabakat\u0131na vard\u0131\u011f\u0131 bildirildi.<\/p>\n","protected":false},"author":1,"featured_media":46896,"comment_status":"open","ping_status":"open","sticky":false,"template":"","format":"standard","meta":{"footnotes":""},"categories":[25],"tags":[],"class_list":["post-46895","post","type-post","status-publish","format-standard","has-post-thumbnail","hentry","category-futbol"],"_links":{"self":[{"href":"https:\/\/haberbesiktas.tr\/index.php?rest_route=\/wp\/v2\/posts\/46895","targetHints":{"allow":["GET"]}}],"collection":[{"href":"https:\/\/haberbesiktas.tr\/index.php?rest_route=\/wp\/v2\/posts"}],"about":[{"href":"https:\/\/haberbesiktas.tr\/index.php?rest_route=\/wp\/v2\/types\/post"}],"author":[{"embeddable":true,"href":"https:\/\/haberbesiktas.tr\/index.php?rest_route=\/wp\/v2\/users\/1"}],"replies":[{"embeddable":true,"href":"https:\/\/haberbesiktas.tr\/index.php?rest_route=%2Fwp%2Fv2%2Fcomments&post=46895"}],"version-history":[{"count":1,"href":"https:\/\/haberbesiktas.tr\/index.php?rest_route=\/wp\/v2\/posts\/46895\/revisions"}],"predecessor-version":[{"id":46897,"href":"https:\/\/haberbesiktas.tr\/index.php?rest_route=\/wp\/v2\/posts\/46895\/revisions\/46897"}],"wp:featuredmedia":[{"embeddable":true,"href":"https:\/\/haberbesiktas.tr\/index.php?rest_route=\/wp\/v2\/media\/46896"}],"wp:attachment":[{"href":"https:\/\/haberbesiktas.tr\/index.php?rest_route=%2Fwp%2Fv2%2Fmedia&parent=46895"}],"wp:term":[{"taxonomy":"category","embeddable":true,"href":"https:\/\/haberbesiktas.tr\/index.php?rest_route=%2Fwp%2Fv2%2Fcategories&post=46895"},{"taxonomy":"post_tag","embeddable":true,"href":"https:\/\/haberbesiktas.tr\/index.php?rest_route=%2Fwp%2Fv2%2Ftags&post=46895"}],"curies":[{"name":"wp","href":"https:\/\/api.w.org\/{rel}","templated":true}]}}