{"id":46898,"date":"2026-01-07T08:12:05","date_gmt":"2026-01-07T08:12:05","guid":{"rendered":"https:\/\/haberbesiktas.tr\/?p=46898"},"modified":"2026-01-07T08:12:05","modified_gmt":"2026-01-07T08:12:05","slug":"manuel-neuerin-gelecegi-icin-aciklama","status":"publish","type":"post","link":"https:\/\/haberbesiktas.tr\/?p=46898","title":{"rendered":"Manuel Neuer&#8217;in gelece\u011fi i\u00e7in a\u00e7\u0131klama!"},"content":{"rendered":"<div>\n<p>Bayern M\u00fcnih&#8217;in deneyimli kalecisi Manuel Neuer, kul\u00fcple devam eden kontrat g\u00f6r\u00fc\u015fmeleri hakk\u0131nda konu\u015ftu.<\/p>\n<p> 30 Haziran prestijiyle mukavelesi sona erecek olan Neuer, gelece\u011fiyle ilgili karar\u0131n\u0131 \u00f6n\u00fcm\u00fczdeki aylarda verece\u011fini s\u00f6z etti.<\/p>\n<p> <strong>&#8220;MART SONU N\u0130SAN AYINA HAK\u0130KAT KARAR VER\u0130LM\u0130\u015e OLUR&#8221;<\/strong> <\/p>\n<p> Tecr\u00fcbeli file bek\u00e7isi yapt\u0131\u011f\u0131 a\u00e7\u0131klamada \u015fu s\u00f6zleri kulland\u0131:\u00a0<\/p>\n<p> <strong>&#8220;Pozitif hissediyorum. Lakin biraz beklemek ve \u00f6n\u00fcm\u00fczdeki birka\u00e7 ay\u0131n nas\u0131l ge\u00e7ece\u011fini g\u00f6rmek istiyorum. D\u00fczg\u00fcn bir performans sergilemeye \u00e7al\u0131\u015faca\u011f\u0131m. Mart sonu ya da nisan ay\u0131na hakikat karar verilmi\u015f olur. O vakte kadar ka\u00e7 ma\u00e7 oynad\u0131\u011f\u0131m\u0131 ve kendimi nas\u0131l hissetti\u011fimi daha net bilece\u011fim.<\/strong><\/p>\n<p> <strong>Yak\u0131nda 40 ya\u015f\u0131ma girece\u011fim, bu nedenle mesle\u011fime devam etme karar\u0131n\u0131 tam bir inan\u00e7la al\u0131p alamayaca\u011f\u0131m\u0131 da de\u011ferlendirmem gerekiyor. Kul\u00fcple aram\u0131zdaki diyalog \u00e7ok \u00e2l\u00e2, gerisi vakitle netle\u015fecek.&#8221;<\/strong><\/p>\n<\/div>\n","protected":false},"excerpt":{"rendered":"<p>Bayern M\u00fcnih&#8217;in deneyimli kalecisi Manuel Neuer, kontrat gelece\u011fiyle ilgili karar\u0131n\u0131 mart\u2013nisan aylar\u0131nda verece\u011fini a\u00e7\u0131klad\u0131.<\/p>\n","protected":false},"author":1,"featured_media":46899,"comment_status":"open","ping_status":"open","sticky":false,"template":"","format":"standard","meta":{"footnotes":""},"categories":[25],"tags":[],"class_list":["post-46898","post","type-post","status-publish","format-standard","has-post-thumbnail","hentry","category-futbol"],"_links":{"self":[{"href":"https:\/\/haberbesiktas.tr\/index.php?rest_route=\/wp\/v2\/posts\/46898","targetHints":{"allow":["GET"]}}],"collection":[{"href":"https:\/\/haberbesiktas.tr\/index.php?rest_route=\/wp\/v2\/posts"}],"about":[{"href":"https:\/\/haberbesiktas.tr\/index.php?rest_route=\/wp\/v2\/types\/post"}],"author":[{"embeddable":true,"href":"https:\/\/haberbesiktas.tr\/index.php?rest_route=\/wp\/v2\/users\/1"}],"replies":[{"embeddable":true,"href":"https:\/\/haberbesiktas.tr\/index.php?rest_route=%2Fwp%2Fv2%2Fcomments&post=46898"}],"version-history":[{"count":1,"href":"https:\/\/haberbesiktas.tr\/index.php?rest_route=\/wp\/v2\/posts\/46898\/revisions"}],"predecessor-version":[{"id":46900,"href":"https:\/\/haberbesiktas.tr\/index.php?rest_route=\/wp\/v2\/posts\/46898\/revisions\/46900"}],"wp:featuredmedia":[{"embeddable":true,"href":"https:\/\/haberbesiktas.tr\/index.php?rest_route=\/wp\/v2\/media\/46899"}],"wp:attachment":[{"href":"https:\/\/haberbesiktas.tr\/index.php?rest_route=%2Fwp%2Fv2%2Fmedia&parent=46898"}],"wp:term":[{"taxonomy":"category","embeddable":true,"href":"https:\/\/haberbesiktas.tr\/index.php?rest_route=%2Fwp%2Fv2%2Fcategories&post=46898"},{"taxonomy":"post_tag","embeddable":true,"href":"https:\/\/haberbesiktas.tr\/index.php?rest_route=%2Fwp%2Fv2%2Ftags&post=46898"}],"curies":[{"name":"wp","href":"https:\/\/api.w.org\/{rel}","templated":true}]}}