{"id":4697,"date":"2025-01-19T10:11:58","date_gmt":"2025-01-19T10:11:58","guid":{"rendered":"https:\/\/haberbesiktas.tr\/?p=4697"},"modified":"2025-01-19T10:11:58","modified_gmt":"2025-01-19T10:11:58","slug":"ciro-immobileden-besiktasa-kotu-haber","status":"publish","type":"post","link":"https:\/\/haberbesiktas.tr\/?p=4697","title":{"rendered":"Ciro Immobile&#8217;den Be\u015fikta\u015f&#8217;a k\u00f6t\u00fc haber!"},"content":{"rendered":"<div>\n<p>Be\u015fikta\u015f&#8217;\u0131n y\u0131ld\u0131z golc\u00fcs\u00fc Ciro Immobile&#8217;yle ilgili olarak fla\u015f bir geli\u015fme ya\u015fand\u0131.<\/p>\n<p><strong>\u0130TALYA&#8217;YA D\u00d6N\u00dc\u015eE OLUMLU BAKIYOR<\/strong><\/p>\n<p><span>Deneyimli santrforun ailesinin, \u0130stanbul&#8217;da memnun olmad\u0131\u011f\u0131 ve \u0130talya&#8217;ya d\u00f6nd\u00fc\u011f\u00fc bildirildi. Serie A tak\u0131mlar\u0131ndan teklifler alan ba\u015far\u0131l\u0131 ismin de \u0130talya&#8217;ya geri d\u00f6n\u00fc\u015fe olumlu bakt\u0131\u011f\u0131 \u00f6\u011frenildi.<\/p>\n<p><strong>MENAJER\u0130, SERDAL ADALI \u0130LE B\u0130R ORTAYA GELECEK<\/strong><\/p>\n<p><span>Ba\u015far\u0131l\u0131 oyuncunun menajerinin, bu hafta i\u00e7inde Lider Serdal Adal\u0131&#8217;yla bir ortaya gelmesi bekleniyor. \u0130darenin, Immobile&#8217;yle ayr\u0131lmak \u00fczere bir plan\u0131 bulunmuyor.<\/span>\u00a0<\/span><\/p>\n<div>\u00a0<\/div>\n<p>\u00a0<\/p>\n<\/div>\n","protected":false},"excerpt":{"rendered":"<p>Be\u015fikta\u015fl\u0131 golc\u00fc Ciro Immobile&#8217;nin ailesinin \u0130stanbul&#8217;da keyifli olmad\u0131\u011f\u0131 ve deneyimli oyuncunun da Serie A&#8217;ya d\u00f6n\u00fc\u015fe s\u0131cak bakt\u0131\u011f\u0131 bildiriliyor.<\/p>\n","protected":false},"author":1,"featured_media":4698,"comment_status":"open","ping_status":"open","sticky":false,"template":"","format":"standard","meta":{"footnotes":""},"categories":[25],"tags":[],"class_list":["post-4697","post","type-post","status-publish","format-standard","has-post-thumbnail","hentry","category-futbol"],"_links":{"self":[{"href":"https:\/\/haberbesiktas.tr\/index.php?rest_route=\/wp\/v2\/posts\/4697","targetHints":{"allow":["GET"]}}],"collection":[{"href":"https:\/\/haberbesiktas.tr\/index.php?rest_route=\/wp\/v2\/posts"}],"about":[{"href":"https:\/\/haberbesiktas.tr\/index.php?rest_route=\/wp\/v2\/types\/post"}],"author":[{"embeddable":true,"href":"https:\/\/haberbesiktas.tr\/index.php?rest_route=\/wp\/v2\/users\/1"}],"replies":[{"embeddable":true,"href":"https:\/\/haberbesiktas.tr\/index.php?rest_route=%2Fwp%2Fv2%2Fcomments&post=4697"}],"version-history":[{"count":1,"href":"https:\/\/haberbesiktas.tr\/index.php?rest_route=\/wp\/v2\/posts\/4697\/revisions"}],"predecessor-version":[{"id":4699,"href":"https:\/\/haberbesiktas.tr\/index.php?rest_route=\/wp\/v2\/posts\/4697\/revisions\/4699"}],"wp:featuredmedia":[{"embeddable":true,"href":"https:\/\/haberbesiktas.tr\/index.php?rest_route=\/wp\/v2\/media\/4698"}],"wp:attachment":[{"href":"https:\/\/haberbesiktas.tr\/index.php?rest_route=%2Fwp%2Fv2%2Fmedia&parent=4697"}],"wp:term":[{"taxonomy":"category","embeddable":true,"href":"https:\/\/haberbesiktas.tr\/index.php?rest_route=%2Fwp%2Fv2%2Fcategories&post=4697"},{"taxonomy":"post_tag","embeddable":true,"href":"https:\/\/haberbesiktas.tr\/index.php?rest_route=%2Fwp%2Fv2%2Ftags&post=4697"}],"curies":[{"name":"wp","href":"https:\/\/api.w.org\/{rel}","templated":true}]}}