{"id":46970,"date":"2026-01-07T12:48:06","date_gmt":"2026-01-07T12:48:06","guid":{"rendered":"https:\/\/haberbesiktas.tr\/?p=46970"},"modified":"2026-01-07T12:48:06","modified_gmt":"2026-01-07T12:48:06","slug":"aziz-yildirim-ve-aykut-kocaman-bir-arada","status":"publish","type":"post","link":"https:\/\/haberbesiktas.tr\/?p=46970","title":{"rendered":"Aziz Y\u0131ld\u0131r\u0131m ve Aykut Kocaman bir arada!"},"content":{"rendered":"<div>Fenerbah\u00e7e&#8217;de taraftarlar\u0131 duyguland\u0131ran bir payla\u015f\u0131m geldi.<\/p>\n<p> Fenerbah\u00e7e&#8217;nin eski ba\u015fkan\u0131 Aziz Y\u0131ld\u0131r\u0131m, kul\u00fcb\u00fcn eski teknik y\u00f6neticilerinden Aykut Kocaman ile bir ortaya geldi.<\/p>\n<p> Aziz Y\u0131ld\u0131r\u0131m ve Aykut Kocaman&#8217;\u0131n bir ortaya geldi\u011fi kareyi Y\u0131ld\u0131r\u0131m&#8217;\u0131n k\u0131z\u0131 Yaz Y\u0131ld\u0131r\u0131m, toplumsal medya hesab\u0131ndan payla\u015ft\u0131.<\/p>\n<p> Fenerbah\u00e7eli taraftarlar, bu payla\u015f\u0131ma a\u011f\u0131r ilgi g\u00f6sterdi.<\/p>\n<p><img decoding=\"async\" src=\"https:\/\/haberbesiktas.tr\/wp-content\/uploads\/2026\/01\/aziz-yildirim-ve-aykut-kocaman-bir-arada-0-pzJdfCkr.jpg\"\/><\/p>\n<\/div>\n","protected":false},"excerpt":{"rendered":"<p>Fenerbah\u00e7e&#8217;nin eski ba\u015fkan\u0131 Aziz Y\u0131ld\u0131r\u0131m ve eski teknik y\u00f6neticisi Aykut Kocaman bir ortaya geldi.<\/p>\n","protected":false},"author":1,"featured_media":46971,"comment_status":"open","ping_status":"open","sticky":false,"template":"","format":"standard","meta":{"footnotes":""},"categories":[25],"tags":[],"class_list":["post-46970","post","type-post","status-publish","format-standard","has-post-thumbnail","hentry","category-futbol"],"_links":{"self":[{"href":"https:\/\/haberbesiktas.tr\/index.php?rest_route=\/wp\/v2\/posts\/46970","targetHints":{"allow":["GET"]}}],"collection":[{"href":"https:\/\/haberbesiktas.tr\/index.php?rest_route=\/wp\/v2\/posts"}],"about":[{"href":"https:\/\/haberbesiktas.tr\/index.php?rest_route=\/wp\/v2\/types\/post"}],"author":[{"embeddable":true,"href":"https:\/\/haberbesiktas.tr\/index.php?rest_route=\/wp\/v2\/users\/1"}],"replies":[{"embeddable":true,"href":"https:\/\/haberbesiktas.tr\/index.php?rest_route=%2Fwp%2Fv2%2Fcomments&post=46970"}],"version-history":[{"count":1,"href":"https:\/\/haberbesiktas.tr\/index.php?rest_route=\/wp\/v2\/posts\/46970\/revisions"}],"predecessor-version":[{"id":46973,"href":"https:\/\/haberbesiktas.tr\/index.php?rest_route=\/wp\/v2\/posts\/46970\/revisions\/46973"}],"wp:featuredmedia":[{"embeddable":true,"href":"https:\/\/haberbesiktas.tr\/index.php?rest_route=\/wp\/v2\/media\/46971"}],"wp:attachment":[{"href":"https:\/\/haberbesiktas.tr\/index.php?rest_route=%2Fwp%2Fv2%2Fmedia&parent=46970"}],"wp:term":[{"taxonomy":"category","embeddable":true,"href":"https:\/\/haberbesiktas.tr\/index.php?rest_route=%2Fwp%2Fv2%2Fcategories&post=46970"},{"taxonomy":"post_tag","embeddable":true,"href":"https:\/\/haberbesiktas.tr\/index.php?rest_route=%2Fwp%2Fv2%2Ftags&post=46970"}],"curies":[{"name":"wp","href":"https:\/\/api.w.org\/{rel}","templated":true}]}}