{"id":46974,"date":"2026-01-07T13:00:06","date_gmt":"2026-01-07T13:00:06","guid":{"rendered":"https:\/\/haberbesiktas.tr\/?p=46974"},"modified":"2026-01-07T13:00:06","modified_gmt":"2026-01-07T13:00:06","slug":"seriksporda-futbol-direktorlugune-ferda-ramanli-getirildi","status":"publish","type":"post","link":"https:\/\/haberbesiktas.tr\/?p=46974","title":{"rendered":"Serikspor&#8217;da futbol direkt\u00f6rl\u00fc\u011f\u00fcne Ferda Ramanl\u0131 getirildi"},"content":{"rendered":"<div>\n<div>Trendyol 1. Lig gruplar\u0131ndan Serikspor, futbol y\u00f6neticili\u011fi i\u00e7in Ferda Ramanl\u0131 ile anla\u015ft\u0131.<\/div>\n<div>\u00a0<\/div>\n<div>Kul\u00fcpten yap\u0131lan a\u00e7\u0131klamada, &#8220;Kul\u00fcb\u00fcm\u00fcz futbol y\u00f6neticilik misyonu i\u00e7in Ferda Ramanl\u0131 ile mutabakat sa\u011flam\u0131\u015ft\u0131r. Ferda Ramanl\u0131&#8217;ya yeni misyonunda muvaffakiyetler dileriz.&#8221; tabirine yer verildi.<\/div>\n<\/p><\/div>\n","protected":false},"excerpt":{"rendered":"<p>Trendyol 1. Lig gruplar\u0131ndan Serikspor, futbol y\u00f6neticili\u011fi misyonu i\u00e7in Ferda Ramanl\u0131 ile mutabakata vard\u0131\u011f\u0131n\u0131 kul\u00fcpten yap\u0131lan resmi a\u00e7\u0131klamayla duyurdu.<\/p>\n","protected":false},"author":1,"featured_media":46975,"comment_status":"open","ping_status":"open","sticky":false,"template":"","format":"standard","meta":{"footnotes":""},"categories":[25],"tags":[],"class_list":["post-46974","post","type-post","status-publish","format-standard","has-post-thumbnail","hentry","category-futbol"],"_links":{"self":[{"href":"https:\/\/haberbesiktas.tr\/index.php?rest_route=\/wp\/v2\/posts\/46974","targetHints":{"allow":["GET"]}}],"collection":[{"href":"https:\/\/haberbesiktas.tr\/index.php?rest_route=\/wp\/v2\/posts"}],"about":[{"href":"https:\/\/haberbesiktas.tr\/index.php?rest_route=\/wp\/v2\/types\/post"}],"author":[{"embeddable":true,"href":"https:\/\/haberbesiktas.tr\/index.php?rest_route=\/wp\/v2\/users\/1"}],"replies":[{"embeddable":true,"href":"https:\/\/haberbesiktas.tr\/index.php?rest_route=%2Fwp%2Fv2%2Fcomments&post=46974"}],"version-history":[{"count":1,"href":"https:\/\/haberbesiktas.tr\/index.php?rest_route=\/wp\/v2\/posts\/46974\/revisions"}],"predecessor-version":[{"id":46976,"href":"https:\/\/haberbesiktas.tr\/index.php?rest_route=\/wp\/v2\/posts\/46974\/revisions\/46976"}],"wp:featuredmedia":[{"embeddable":true,"href":"https:\/\/haberbesiktas.tr\/index.php?rest_route=\/wp\/v2\/media\/46975"}],"wp:attachment":[{"href":"https:\/\/haberbesiktas.tr\/index.php?rest_route=%2Fwp%2Fv2%2Fmedia&parent=46974"}],"wp:term":[{"taxonomy":"category","embeddable":true,"href":"https:\/\/haberbesiktas.tr\/index.php?rest_route=%2Fwp%2Fv2%2Fcategories&post=46974"},{"taxonomy":"post_tag","embeddable":true,"href":"https:\/\/haberbesiktas.tr\/index.php?rest_route=%2Fwp%2Fv2%2Ftags&post=46974"}],"curies":[{"name":"wp","href":"https:\/\/api.w.org\/{rel}","templated":true}]}}