{"id":46981,"date":"2026-01-07T13:24:10","date_gmt":"2026-01-07T13:24:10","guid":{"rendered":"https:\/\/haberbesiktas.tr\/?p=46981"},"modified":"2026-01-07T13:24:10","modified_gmt":"2026-01-07T13:24:10","slug":"musaba-dort-dakikada-asist-yapti","status":"publish","type":"post","link":"https:\/\/haberbesiktas.tr\/?p=46981","title":{"rendered":"Musaba, d\u00f6rt dakikada asist yapt\u0131"},"content":{"rendered":"<div>Fenerbah\u00e7e&#8217;nin Samsunspor&#8217;dan tak\u0131m\u0131na katt\u0131\u011f\u0131 Anthony Musaba, sar\u0131-lacivertlilerdeki mesle\u011fine g\u00fczel ba\u015flad\u0131.<\/p>\n<p> Hollandal\u0131 futbolcu, Harika Kupa&#8217;da eski grubu Samsunspor&#8217;a kar\u015f\u0131 oynanan ma\u00e7a birinci 11&#8217;de ba\u015flad\u0131.<\/p>\n<p> Musaba, m\u00fcsabakan\u0131n d\u00f6rd\u00fcnc\u00fc dakikas\u0131nda Kerem Akt\u00fcrko\u011flu&#8217;nun att\u0131\u011f\u0131 golde asisti yapan futbolcu oldu.<\/p>\n<\/div>\n","protected":false},"excerpt":{"rendered":"<p>Fenerbah\u00e7e&#8217;nin yeni transferi Anthony Musaba, sar\u0131-lacivertlilerde birinci ekibinde d\u00f6rt dakikada asist yapt\u0131.<\/p>\n","protected":false},"author":1,"featured_media":46982,"comment_status":"open","ping_status":"open","sticky":false,"template":"","format":"standard","meta":{"footnotes":""},"categories":[25],"tags":[],"class_list":["post-46981","post","type-post","status-publish","format-standard","has-post-thumbnail","hentry","category-futbol"],"_links":{"self":[{"href":"https:\/\/haberbesiktas.tr\/index.php?rest_route=\/wp\/v2\/posts\/46981","targetHints":{"allow":["GET"]}}],"collection":[{"href":"https:\/\/haberbesiktas.tr\/index.php?rest_route=\/wp\/v2\/posts"}],"about":[{"href":"https:\/\/haberbesiktas.tr\/index.php?rest_route=\/wp\/v2\/types\/post"}],"author":[{"embeddable":true,"href":"https:\/\/haberbesiktas.tr\/index.php?rest_route=\/wp\/v2\/users\/1"}],"replies":[{"embeddable":true,"href":"https:\/\/haberbesiktas.tr\/index.php?rest_route=%2Fwp%2Fv2%2Fcomments&post=46981"}],"version-history":[{"count":1,"href":"https:\/\/haberbesiktas.tr\/index.php?rest_route=\/wp\/v2\/posts\/46981\/revisions"}],"predecessor-version":[{"id":46983,"href":"https:\/\/haberbesiktas.tr\/index.php?rest_route=\/wp\/v2\/posts\/46981\/revisions\/46983"}],"wp:featuredmedia":[{"embeddable":true,"href":"https:\/\/haberbesiktas.tr\/index.php?rest_route=\/wp\/v2\/media\/46982"}],"wp:attachment":[{"href":"https:\/\/haberbesiktas.tr\/index.php?rest_route=%2Fwp%2Fv2%2Fmedia&parent=46981"}],"wp:term":[{"taxonomy":"category","embeddable":true,"href":"https:\/\/haberbesiktas.tr\/index.php?rest_route=%2Fwp%2Fv2%2Fcategories&post=46981"},{"taxonomy":"post_tag","embeddable":true,"href":"https:\/\/haberbesiktas.tr\/index.php?rest_route=%2Fwp%2Fv2%2Ftags&post=46981"}],"curies":[{"name":"wp","href":"https:\/\/api.w.org\/{rel}","templated":true}]}}