{"id":46984,"date":"2026-01-07T13:36:08","date_gmt":"2026-01-07T13:36:08","guid":{"rendered":"https:\/\/haberbesiktas.tr\/?p=46984"},"modified":"2026-01-07T13:36:08","modified_gmt":"2026-01-07T13:36:08","slug":"nijeryada-osimhen-iddiasi-turkiyeye-donebilir","status":"publish","type":"post","link":"https:\/\/haberbesiktas.tr\/?p=46984","title":{"rendered":"Nijerya&#8217;da Osimhen iddias\u0131; &#8220;T\u00fcrkiye&#8217;ye d\u00f6nebilir&#8221;"},"content":{"rendered":"<div>Nijerya Ulusal Grubu&#8217;nun Mozambik&#8217;i 4-0 yenerek Afrika Uluslar Kupas\u0131&#8217;nda \u00e7eyrek final m\u00fcsabakas\u0131nda iki gol atan fakat Ademola Lookman ile tart\u0131\u015fma ya\u015fayan Victor Osimhen i\u00e7in fla\u015f bir tez g\u00fcndeme geldi.<\/p>\n<p> Lookman ile saha i\u00e7erisinde bir durum sonras\u0131 tart\u0131\u015fan Osimhen&#8217;in ma\u00e7tan soyunma odas\u0131ndan erken \u00e7\u0131kt\u0131\u011f\u0131 ve kadro otob\u00fcs\u00fcnde tek ba\u015f\u0131na oturdu\u011fu belirtildi. Tek ba\u015f\u0131na oturan Osimhen&#8217;in yan\u0131na kimsenin gitmedi\u011fi sav edildi.<\/p>\n<p> <strong><span>&#8220;T\u00dcRK\u0130YE&#8217;YE D\u00d6NECEK&#8221; \u0130DD\u0130ASI!<\/span><\/strong> <\/p>\n<p> Nijerya bas\u0131n\u0131, ya\u015fananlar\u0131n akabinde Osimhen&#8217;in teknik heyeti ve federasyonu ulusal kadrodan ayr\u0131lmakla tehdit etti\u011fini \u00f6ne s\u00fcrd\u00fc.<\/p>\n<p> Haberde Osimhen&#8217;in ulusal ekiple i\u015finin bitti\u011fini, T\u00fcrkiye&#8217;ye d\u00f6nece\u011fini yetkililere bildirdi\u011fi sav edildi. Nijerya Futbol Federasyonu&#8217;nun \u00fcst seviye yetkililerinin Osimhen&#8217;e ula\u015fmaya \u00e7al\u0131\u015ft\u0131\u011f\u0131, federasyon liderinin ise y\u0131ld\u0131z ismi sakinle\u015ftirmeye \u00e7al\u0131\u015ft\u0131\u011f\u0131 belirtildi.<\/p>\n<p> Birtak\u0131m yetkililerin ise Osimhen&#8217;in sakinle\u015fmesi i\u00e7in golc\u00fc futbolcunun yaln\u0131z b\u0131rak\u0131lmas\u0131 gerekti\u011fine inand\u0131\u011f\u0131 vurguland\u0131.<\/p>\n<p><strong><span>BAZI MUHAB\u0130RLER YALANLADI<\/span><\/strong><\/p>\n<p> \u00d6te yandan Nijerya bas\u0131n\u0131ndan kimi muhabirler, Osimhen ile ilgili \u00e7\u0131kan bu haberlerin ger\u00e7e\u011fi yans\u0131tmad\u0131\u011f\u0131n\u0131 duyurdu.\u00a0<\/p>\n<p> Bu geli\u015fmelerin akabinde Nijerya&#8217;dan resmi bir a\u00e7\u0131klama beklenmeye ba\u015fland\u0131.<\/p>\n<p> <span><strong>NEDEN GERG\u0130NL\u0130K YA\u015eANDI?<\/strong><\/span><\/p>\n<p> Osimhen&#8217;in ma\u00e7 s\u0131ras\u0131nda kendisine pas atmayan Lookman, Onyemaechi ile Akor Adams&#8217;a sonland\u0131\u011f\u0131 anlar\u0131n imgesi Nijerya bas\u0131n\u0131ndaki haberlerde yer ald\u0131 ve olay \u00e7\u0131kmas\u0131na sebep olarak bu konumlar g\u00f6sterildi.\u00a0<\/p>\n<p><img decoding=\"async\" src=\"https:\/\/haberbesiktas.tr\/wp-content\/uploads\/2026\/01\/nijeryada-osimhen-iddiasi-turkiyeye-donebilir-0-ATaB55nK.jpg\"\/><\/p>\n<p><img decoding=\"async\" src=\"https:\/\/haberbesiktas.tr\/wp-content\/uploads\/2026\/01\/nijeryada-osimhen-iddiasi-turkiyeye-donebilir-1-bcavc1Hz.jpg\"\/><\/p>\n<p><img decoding=\"async\" src=\"https:\/\/haberbesiktas.tr\/wp-content\/uploads\/2026\/01\/nijeryada-osimhen-iddiasi-turkiyeye-donebilir-2-ixyWCcqm.jpg\"\/><\/p>\n<p><img decoding=\"async\" src=\"https:\/\/haberbesiktas.tr\/wp-content\/uploads\/2026\/01\/nijeryada-osimhen-iddiasi-turkiyeye-donebilir-3-Z2i78m1S.jpg\"\/><\/p>\n<p><img decoding=\"async\" src=\"https:\/\/haberbesiktas.tr\/wp-content\/uploads\/2026\/01\/nijeryada-osimhen-iddiasi-turkiyeye-donebilir-4-KOSd6eP7.jpg\"\/><\/p>\n<p> <strong>TEKN\u0130K Y\u00d6NET\u0130C\u0130 NE DEM\u0130\u015eT\u0130?<\/strong><\/p>\n<p> \u00d6te yandan Nijerya Ulusal Kadrosu Teknik Y\u00f6neticisi Eric Chelle, Afrika Uluslar Kupas\u0131 son 16 tipinde Mozambik kar\u015f\u0131s\u0131nda al\u0131nan 4-0&#8217;l\u0131k galibiyet s\u0131ras\u0131nda Victor Osimhen ile Ademola Lookman ortas\u0131nda ya\u015fanan tart\u0131\u015fmay\u0131 b\u00fcy\u00fctmedi.<\/p>\n<p> <strong>&#8220;SAHADA OLAN ALANDA KALIR&#8221;<\/strong><\/p>\n<p> Ma\u00e7 sonras\u0131 konu\u015fan Chelle, olay\u0131n soyunma odas\u0131na yans\u0131y\u0131p yans\u0131mayaca\u011f\u0131 sorusuna temkinli yakla\u015ft\u0131. Frans\u0131z-Malili teknik adam, &#8220;Bu bir idare sorunu. Alanda olan alanda kal\u0131r, medya ile payla\u015fmam. Grup i\u00e7indeki her \u015fey ekip i\u00e7inde kal\u0131r&#8221; s\u00f6zlerini kulland\u0131.<\/p>\n<\/div>\n","protected":false},"excerpt":{"rendered":"<p>Victor Osimhen&#8217;in Nijerya Ulusal Kadrosu&#8217;nun Afrika Uluslar Kupas\u0131 kamp\u0131ndan ayr\u0131larak T\u00fcrkiye&#8217;ye d\u00f6nece\u011fi arg\u00fcman edildi. \u0130\u015fte geli\u015fmeler&#8230;<\/p>\n","protected":false},"author":1,"featured_media":46985,"comment_status":"open","ping_status":"open","sticky":false,"template":"","format":"standard","meta":{"footnotes":""},"categories":[25],"tags":[2721,974,297,52,241],"class_list":["post-46984","post","type-post","status-publish","format-standard","has-post-thumbnail","hentry","category-futbol","tag-nijerya","tag-osimhen","tag-saha","tag-takim","tag-tek"],"_links":{"self":[{"href":"https:\/\/haberbesiktas.tr\/index.php?rest_route=\/wp\/v2\/posts\/46984","targetHints":{"allow":["GET"]}}],"collection":[{"href":"https:\/\/haberbesiktas.tr\/index.php?rest_route=\/wp\/v2\/posts"}],"about":[{"href":"https:\/\/haberbesiktas.tr\/index.php?rest_route=\/wp\/v2\/types\/post"}],"author":[{"embeddable":true,"href":"https:\/\/haberbesiktas.tr\/index.php?rest_route=\/wp\/v2\/users\/1"}],"replies":[{"embeddable":true,"href":"https:\/\/haberbesiktas.tr\/index.php?rest_route=%2Fwp%2Fv2%2Fcomments&post=46984"}],"version-history":[{"count":1,"href":"https:\/\/haberbesiktas.tr\/index.php?rest_route=\/wp\/v2\/posts\/46984\/revisions"}],"predecessor-version":[{"id":46991,"href":"https:\/\/haberbesiktas.tr\/index.php?rest_route=\/wp\/v2\/posts\/46984\/revisions\/46991"}],"wp:featuredmedia":[{"embeddable":true,"href":"https:\/\/haberbesiktas.tr\/index.php?rest_route=\/wp\/v2\/media\/46985"}],"wp:attachment":[{"href":"https:\/\/haberbesiktas.tr\/index.php?rest_route=%2Fwp%2Fv2%2Fmedia&parent=46984"}],"wp:term":[{"taxonomy":"category","embeddable":true,"href":"https:\/\/haberbesiktas.tr\/index.php?rest_route=%2Fwp%2Fv2%2Fcategories&post=46984"},{"taxonomy":"post_tag","embeddable":true,"href":"https:\/\/haberbesiktas.tr\/index.php?rest_route=%2Fwp%2Fv2%2Ftags&post=46984"}],"curies":[{"name":"wp","href":"https:\/\/api.w.org\/{rel}","templated":true}]}}