{"id":46992,"date":"2026-01-07T13:48:05","date_gmt":"2026-01-07T13:48:05","guid":{"rendered":"https:\/\/haberbesiktas.tr\/?p=46992"},"modified":"2026-01-07T13:48:05","modified_gmt":"2026-01-07T13:48:05","slug":"kasimpasadan-savunmaya-takviye-2","status":"publish","type":"post","link":"https:\/\/haberbesiktas.tr\/?p=46992","title":{"rendered":"Kas\u0131mpa\u015fa&#8217;dan savunmaya takviye!"},"content":{"rendered":"<div>Trendyol S\u00fcper Lig grubu Kas\u0131mpa\u015fa, Kamil Ahmet \u00c7\u00f6rek\u00e7i&#8217;yi tak\u0131m\u0131na dahil etti.<\/p>\n<p> Lacivert-beyazl\u0131 kul\u00fcpten yap\u0131lan a\u00e7\u0131klamada, son olarak Hatayspor&#8217;da forma giyen 33 ya\u015f\u0131ndaki sa\u011f bek ile d\u00f6nem sonuna kadar kontrat imzaland\u0131\u011f\u0131 belirtildi.<\/p>\n<p> Kamil Ahmet \u00c7\u00f6rek\u00e7i, bu d\u00f6nem Trendyol 1. Lig&#8217;de 10 ma\u00e7a \u00e7\u0131kt\u0131.<\/p>\n<p> Futbolculuk mesle\u011fine \u0130ngiltere&#8217;nin ba\u015f\u015fehri Londra&#8217;da ba\u015flayan tecr\u00fcbeli oyuncu; Bucaspor, Kayserispor, Adana Demirspor, Eski\u015fehirspor ve Trabzonspor&#8217;da da vazife yapt\u0131.<\/p>\n<\/div>\n","protected":false},"excerpt":{"rendered":"<p>Kas\u0131mpa\u015fa, Kamil Ahmet \u00c7\u00f6rek\u00e7i&#8217;yi renklerine ba\u011flad\u0131.<\/p>\n","protected":false},"author":1,"featured_media":46993,"comment_status":"open","ping_status":"open","sticky":false,"template":"","format":"standard","meta":{"footnotes":""},"categories":[25],"tags":[],"class_list":["post-46992","post","type-post","status-publish","format-standard","has-post-thumbnail","hentry","category-futbol"],"_links":{"self":[{"href":"https:\/\/haberbesiktas.tr\/index.php?rest_route=\/wp\/v2\/posts\/46992","targetHints":{"allow":["GET"]}}],"collection":[{"href":"https:\/\/haberbesiktas.tr\/index.php?rest_route=\/wp\/v2\/posts"}],"about":[{"href":"https:\/\/haberbesiktas.tr\/index.php?rest_route=\/wp\/v2\/types\/post"}],"author":[{"embeddable":true,"href":"https:\/\/haberbesiktas.tr\/index.php?rest_route=\/wp\/v2\/users\/1"}],"replies":[{"embeddable":true,"href":"https:\/\/haberbesiktas.tr\/index.php?rest_route=%2Fwp%2Fv2%2Fcomments&post=46992"}],"version-history":[{"count":1,"href":"https:\/\/haberbesiktas.tr\/index.php?rest_route=\/wp\/v2\/posts\/46992\/revisions"}],"predecessor-version":[{"id":46994,"href":"https:\/\/haberbesiktas.tr\/index.php?rest_route=\/wp\/v2\/posts\/46992\/revisions\/46994"}],"wp:featuredmedia":[{"embeddable":true,"href":"https:\/\/haberbesiktas.tr\/index.php?rest_route=\/wp\/v2\/media\/46993"}],"wp:attachment":[{"href":"https:\/\/haberbesiktas.tr\/index.php?rest_route=%2Fwp%2Fv2%2Fmedia&parent=46992"}],"wp:term":[{"taxonomy":"category","embeddable":true,"href":"https:\/\/haberbesiktas.tr\/index.php?rest_route=%2Fwp%2Fv2%2Fcategories&post=46992"},{"taxonomy":"post_tag","embeddable":true,"href":"https:\/\/haberbesiktas.tr\/index.php?rest_route=%2Fwp%2Fv2%2Ftags&post=46992"}],"curies":[{"name":"wp","href":"https:\/\/api.w.org\/{rel}","templated":true}]}}