{"id":46995,"date":"2026-01-07T14:00:05","date_gmt":"2026-01-07T14:00:05","guid":{"rendered":"https:\/\/haberbesiktas.tr\/?p=46995"},"modified":"2026-01-07T14:00:05","modified_gmt":"2026-01-07T14:00:05","slug":"fatih-karagumruk-ahmed-traoreyi-acikladi","status":"publish","type":"post","link":"https:\/\/haberbesiktas.tr\/?p=46995","title":{"rendered":"Fatih Karag\u00fcmr\u00fck, Ahmed Traore&#8217;yi a\u00e7\u0131klad\u0131!"},"content":{"rendered":"<div>Trendyol S\u00fcper Lig tak\u0131mlar\u0131ndan Fatih Karag\u00fcmr\u00fck, Fildi\u015fi K\u0131y\u0131l\u0131 futbolcu Ahmed Traore&#8217;yi transfer etti.<\/p>\n<p> K\u0131rm\u0131z\u0131-siyahl\u0131 kul\u00fcpten yap\u0131lan a\u00e7\u0131klamada, 18 ya\u015f\u0131ndaki kanat oyuncusu ile 2,5 y\u0131ll\u0131k kontrat imzaland\u0131\u011f\u0131 belirtildi.<\/p>\n<p><img decoding=\"async\" src=\"https:\/\/haberbesiktas.tr\/wp-content\/uploads\/2026\/01\/fatih-karagumruk-ahmed-traoreyi-acikladi-0-uGJzFzYC.jpg\"\/><\/p>\n<\/div>\n","protected":false},"excerpt":{"rendered":"<p>Fatih Karag\u00fcmr\u00fck, Fildi\u015fi K\u0131y\u0131l\u0131 futbolcu Ahmed Traore&#8217;yi tak\u0131m\u0131na katt\u0131.<\/p>\n","protected":false},"author":1,"featured_media":46996,"comment_status":"open","ping_status":"open","sticky":false,"template":"","format":"standard","meta":{"footnotes":""},"categories":[25],"tags":[],"class_list":["post-46995","post","type-post","status-publish","format-standard","has-post-thumbnail","hentry","category-futbol"],"_links":{"self":[{"href":"https:\/\/haberbesiktas.tr\/index.php?rest_route=\/wp\/v2\/posts\/46995","targetHints":{"allow":["GET"]}}],"collection":[{"href":"https:\/\/haberbesiktas.tr\/index.php?rest_route=\/wp\/v2\/posts"}],"about":[{"href":"https:\/\/haberbesiktas.tr\/index.php?rest_route=\/wp\/v2\/types\/post"}],"author":[{"embeddable":true,"href":"https:\/\/haberbesiktas.tr\/index.php?rest_route=\/wp\/v2\/users\/1"}],"replies":[{"embeddable":true,"href":"https:\/\/haberbesiktas.tr\/index.php?rest_route=%2Fwp%2Fv2%2Fcomments&post=46995"}],"version-history":[{"count":1,"href":"https:\/\/haberbesiktas.tr\/index.php?rest_route=\/wp\/v2\/posts\/46995\/revisions"}],"predecessor-version":[{"id":46998,"href":"https:\/\/haberbesiktas.tr\/index.php?rest_route=\/wp\/v2\/posts\/46995\/revisions\/46998"}],"wp:featuredmedia":[{"embeddable":true,"href":"https:\/\/haberbesiktas.tr\/index.php?rest_route=\/wp\/v2\/media\/46996"}],"wp:attachment":[{"href":"https:\/\/haberbesiktas.tr\/index.php?rest_route=%2Fwp%2Fv2%2Fmedia&parent=46995"}],"wp:term":[{"taxonomy":"category","embeddable":true,"href":"https:\/\/haberbesiktas.tr\/index.php?rest_route=%2Fwp%2Fv2%2Fcategories&post=46995"},{"taxonomy":"post_tag","embeddable":true,"href":"https:\/\/haberbesiktas.tr\/index.php?rest_route=%2Fwp%2Fv2%2Ftags&post=46995"}],"curies":[{"name":"wp","href":"https:\/\/api.w.org\/{rel}","templated":true}]}}