{"id":46999,"date":"2026-01-07T14:12:06","date_gmt":"2026-01-07T14:12:06","guid":{"rendered":"https:\/\/haberbesiktas.tr\/?p=46999"},"modified":"2026-01-07T14:12:06","modified_gmt":"2026-01-07T14:12:06","slug":"erik-ten-hag-twenteye-imza-atti","status":"publish","type":"post","link":"https:\/\/haberbesiktas.tr\/?p=46999","title":{"rendered":"Erik ten Hag, Twente&#8217;ye imza att\u0131!"},"content":{"rendered":"<div>Manchester United ve Bayer Leverkusen maceralar\u0131 ba\u015far\u0131s\u0131z ge\u00e7en Hollandal\u0131 teknik y\u00f6netici Erik cilt Hag, \u00fclkesine d\u00f6nd\u00fc.<\/p>\n<p> Erik deri Hag, Twente ile kontrat imzalad\u0131. 1 \u015eubat&#8217;ta yeni grubuna kat\u0131lacak 55 ya\u015f\u0131ndaki teknik adam, yeni d\u00f6nemden itibaren Twente&#8217;nin futbol y\u00f6neticisi olacak.<\/p>\n<p> D\u00f6nem sonuna kadar Twente&#8217;de futbol tertibinin bir kesimi olacak Hollandal\u0131 teknik adam, d\u00f6nem sonunda Twente&#8217;nin futbol y\u00f6neticisi Jan Streuer&#8217;in emekliye ayr\u0131lmas\u0131yla Streuer&#8217;in misyonunu \u00fcstlenecek.<\/p>\n<p> Cilt Hag, Twente ile 2028 y\u0131l\u0131na kadar mukavele imzalad\u0131.<\/p>\n<\/div>\n","protected":false},"excerpt":{"rendered":"<p>Erik deri Hag, Twente ile kontrat imzalad\u0131. 55 ya\u015f\u0131ndaki teknik adam, yeni d\u00f6nemde Hollanda temsilcisinin futbol y\u00f6neticisi olacak.<\/p>\n","protected":false},"author":1,"featured_media":47000,"comment_status":"open","ping_status":"open","sticky":false,"template":"","format":"standard","meta":{"footnotes":""},"categories":[25],"tags":[611],"class_list":["post-46999","post","type-post","status-publish","format-standard","has-post-thumbnail","hentry","category-futbol","tag-twente"],"_links":{"self":[{"href":"https:\/\/haberbesiktas.tr\/index.php?rest_route=\/wp\/v2\/posts\/46999","targetHints":{"allow":["GET"]}}],"collection":[{"href":"https:\/\/haberbesiktas.tr\/index.php?rest_route=\/wp\/v2\/posts"}],"about":[{"href":"https:\/\/haberbesiktas.tr\/index.php?rest_route=\/wp\/v2\/types\/post"}],"author":[{"embeddable":true,"href":"https:\/\/haberbesiktas.tr\/index.php?rest_route=\/wp\/v2\/users\/1"}],"replies":[{"embeddable":true,"href":"https:\/\/haberbesiktas.tr\/index.php?rest_route=%2Fwp%2Fv2%2Fcomments&post=46999"}],"version-history":[{"count":1,"href":"https:\/\/haberbesiktas.tr\/index.php?rest_route=\/wp\/v2\/posts\/46999\/revisions"}],"predecessor-version":[{"id":47001,"href":"https:\/\/haberbesiktas.tr\/index.php?rest_route=\/wp\/v2\/posts\/46999\/revisions\/47001"}],"wp:featuredmedia":[{"embeddable":true,"href":"https:\/\/haberbesiktas.tr\/index.php?rest_route=\/wp\/v2\/media\/47000"}],"wp:attachment":[{"href":"https:\/\/haberbesiktas.tr\/index.php?rest_route=%2Fwp%2Fv2%2Fmedia&parent=46999"}],"wp:term":[{"taxonomy":"category","embeddable":true,"href":"https:\/\/haberbesiktas.tr\/index.php?rest_route=%2Fwp%2Fv2%2Fcategories&post=46999"},{"taxonomy":"post_tag","embeddable":true,"href":"https:\/\/haberbesiktas.tr\/index.php?rest_route=%2Fwp%2Fv2%2Ftags&post=46999"}],"curies":[{"name":"wp","href":"https:\/\/api.w.org\/{rel}","templated":true}]}}