{"id":4700,"date":"2025-01-19T10:23:58","date_gmt":"2025-01-19T10:23:58","guid":{"rendered":"https:\/\/haberbesiktas.tr\/?p=4700"},"modified":"2025-01-19T10:23:58","modified_gmt":"2025-01-19T10:23:58","slug":"sergen-yalcindan-yabanci-var-hakemi-yorumu","status":"publish","type":"post","link":"https:\/\/haberbesiktas.tr\/?p=4700","title":{"rendered":"Sergen Yal\u00e7\u0131n&#8217;dan, yabanc\u0131 VAR hakemi yorumu"},"content":{"rendered":"<div>\n<p>Sergen Yal\u00e7\u0131n, TFF&#8217;nin ald\u0131\u011f\u0131 yabanc\u0131 VAR hakemi karar\u0131yla ilgili Ekol TV&#8217;de a\u00e7\u0131klamalar yapt\u0131.<\/p>\n<p> <em><strong>\u0130\u015fte Sergen Yal\u00e7\u0131n&#8217;\u0131n o a\u00e7\u0131klamalar\u0131:\u00a0<\/strong><\/em><\/p>\n<p> <strong>&#8220;HAKEM \u00c2L\u00c2 M\u0130 NERDEN B\u0130LECE\u011e\u0130Z&#8221;<\/strong><\/p>\n<p> &#8220;Hakemleri tan\u0131m\u0131yoruz ki. Ge\u00e7en sene Portekiz&#8217;den geliyordu. Hakem uygun hakem mi nereden bilece\u011fiz? Kimse tan\u0131m\u0131yor bu adam\u0131&#8221;<\/p>\n<p> \u00d6te yandan Sergen Yal\u00e7\u0131n &#8220;\u00e7\u00f6z\u00fcm teklifim&#8221; diyerek TFF&#8217;ye VAR hakemi \u00f6nerisi yapt\u0131.<\/p>\n<p> <strong>&#8220;VAR&#8217;DA OTURUP KONUMLARI \u0130NCELEMEK G\u00dc\u00c7 MU?\u00a0<\/strong><\/p>\n<p> &#8220;VAR&#8217;a hakemli\u011fi b\u0131rakm\u0131\u015f insanlar\u0131 getirmek laz\u0131m&#8221; diyen Sergen Yal\u00e7\u0131n, <strong>&#8220;VAR&#8217;da oturup konumlar incelemek bu kadar g\u00fc\u00e7 mu? VAR&#8217;da oturan biri i\u00e7in hakemli\u011fi b\u0131rakm\u0131\u015f olmas\u0131n\u0131n bir ehemmiyeti var m\u0131? Bence yok&#8221;<\/strong> bi\u00e7iminde konu\u015ftu.\u00a0<\/p>\n<p> C\u00fcneyt \u00c7ak\u0131r ve F\u0131rat Ayd\u0131nus tavsiyesinde bulunan Sergen Yal\u00e7\u0131n, &#8220;<strong>Bug\u00fcn C\u00fcneyt \u00c7ak\u0131r, VAR hakemi olur mu olmaz m\u0131? VAR&#8217;da oturacak adam asl\u0131nda, durum inceleyecek. Adam alana \u00e7\u0131kmayacak ki. Televizyonda ma\u00e7a bakacak&#8221;<\/strong> tabirlerini kulland\u0131.<\/p>\n<p> Sergen Yal\u00e7\u0131n kelamlar\u0131n\u0131 <strong>&#8220;Bir tahlil \u00fcretilecekse bu da benim tahlil teklifim. Yabanc\u0131 hakem otursa bu i\u015fler d\u00fczelecek mi san\u0131yorsunuz? Yabanc\u0131 hakeme de sallayacak herkes. Bu i\u015fler hi\u00e7bir halde d\u00fczelmez. Bu t\u00fcrl\u00fc gelmi\u015f bu t\u00fcrl\u00fc gider&#8221;<\/strong> diyerek kelamlar\u0131n\u0131 noktalad\u0131.<\/p>\n<p> <span><span><br \/><\/span><\/span> <\/p>\n<div>\u00a0<\/div>\n<\/div>\n","protected":false},"excerpt":{"rendered":"<p>Futbol yorumcusu Sergen Yal\u00e7\u0131n, yabanc\u0131 VAR hakemi karar\u0131n\u0131 k\u0131ymetlendirdi. \u00d6te yandan Sergen Yal\u00e7\u0131n, TFF&#8217;ye tahlil teklifi de sundu.<\/p>\n","protected":false},"author":1,"featured_media":4701,"comment_status":"open","ping_status":"open","sticky":false,"template":"","format":"standard","meta":{"footnotes":""},"categories":[25],"tags":[62,252],"class_list":["post-4700","post","type-post","status-publish","format-standard","has-post-thumbnail","hentry","category-futbol","tag-hakem","tag-sergen-yalcin"],"_links":{"self":[{"href":"https:\/\/haberbesiktas.tr\/index.php?rest_route=\/wp\/v2\/posts\/4700","targetHints":{"allow":["GET"]}}],"collection":[{"href":"https:\/\/haberbesiktas.tr\/index.php?rest_route=\/wp\/v2\/posts"}],"about":[{"href":"https:\/\/haberbesiktas.tr\/index.php?rest_route=\/wp\/v2\/types\/post"}],"author":[{"embeddable":true,"href":"https:\/\/haberbesiktas.tr\/index.php?rest_route=\/wp\/v2\/users\/1"}],"replies":[{"embeddable":true,"href":"https:\/\/haberbesiktas.tr\/index.php?rest_route=%2Fwp%2Fv2%2Fcomments&post=4700"}],"version-history":[{"count":1,"href":"https:\/\/haberbesiktas.tr\/index.php?rest_route=\/wp\/v2\/posts\/4700\/revisions"}],"predecessor-version":[{"id":4702,"href":"https:\/\/haberbesiktas.tr\/index.php?rest_route=\/wp\/v2\/posts\/4700\/revisions\/4702"}],"wp:featuredmedia":[{"embeddable":true,"href":"https:\/\/haberbesiktas.tr\/index.php?rest_route=\/wp\/v2\/media\/4701"}],"wp:attachment":[{"href":"https:\/\/haberbesiktas.tr\/index.php?rest_route=%2Fwp%2Fv2%2Fmedia&parent=4700"}],"wp:term":[{"taxonomy":"category","embeddable":true,"href":"https:\/\/haberbesiktas.tr\/index.php?rest_route=%2Fwp%2Fv2%2Fcategories&post=4700"},{"taxonomy":"post_tag","embeddable":true,"href":"https:\/\/haberbesiktas.tr\/index.php?rest_route=%2Fwp%2Fv2%2Ftags&post=4700"}],"curies":[{"name":"wp","href":"https:\/\/api.w.org\/{rel}","templated":true}]}}