{"id":47011,"date":"2026-01-07T15:00:04","date_gmt":"2026-01-07T15:00:04","guid":{"rendered":"https:\/\/haberbesiktas.tr\/?p=47011"},"modified":"2026-01-07T15:00:04","modified_gmt":"2026-01-07T15:00:04","slug":"fenerbahce-opet-yari-finale-yukseldi","status":"publish","type":"post","link":"https:\/\/haberbesiktas.tr\/?p=47011","title":{"rendered":"Fenerbah\u00e7e Opet, yar\u0131 finale y\u00fckseldi"},"content":{"rendered":"<div>Halkbank Bayanlar Basketbol T\u00fcrkiye Kupas\u0131 \u00e7eyrek final ma\u00e7\u0131nda Fenerbah\u00e7e Opet, Nesibe Ayd\u0131n ile kar\u015f\u0131la\u015ft\u0131.<\/p>\n<p> Fenerbah\u00e7e, Nesibe Ayd\u0131n&#8217;\u0131 109-56 ma\u011flup etti.<\/p>\n<p> Fenerbah\u00e7e, bu sonucun akabinde yar\u0131 finale y\u00fckseldi. Sar\u0131-lacivertliler, yar\u0131 finalde \u00c7BK Mersin ile kar\u015f\u0131la\u015facak.<\/p>\n<\/div>\n","protected":false},"excerpt":{"rendered":"<p>Halkbank Bayanlar Basketbol T\u00fcrkiye Kupas\u0131 \u00e7eyrek final ma\u00e7\u0131nda Fenerbah\u00e7e Opet, Nesibe Ayd\u0131n&#8217;\u0131 109-56 ma\u011flup etti ve yar\u0131 finale y\u00fckseldi.<\/p>\n","protected":false},"author":1,"featured_media":47012,"comment_status":"open","ping_status":"open","sticky":false,"template":"","format":"standard","meta":{"footnotes":""},"categories":[10],"tags":[],"class_list":["post-47011","post","type-post","status-publish","format-standard","has-post-thumbnail","hentry","category-basketbol"],"_links":{"self":[{"href":"https:\/\/haberbesiktas.tr\/index.php?rest_route=\/wp\/v2\/posts\/47011","targetHints":{"allow":["GET"]}}],"collection":[{"href":"https:\/\/haberbesiktas.tr\/index.php?rest_route=\/wp\/v2\/posts"}],"about":[{"href":"https:\/\/haberbesiktas.tr\/index.php?rest_route=\/wp\/v2\/types\/post"}],"author":[{"embeddable":true,"href":"https:\/\/haberbesiktas.tr\/index.php?rest_route=\/wp\/v2\/users\/1"}],"replies":[{"embeddable":true,"href":"https:\/\/haberbesiktas.tr\/index.php?rest_route=%2Fwp%2Fv2%2Fcomments&post=47011"}],"version-history":[{"count":1,"href":"https:\/\/haberbesiktas.tr\/index.php?rest_route=\/wp\/v2\/posts\/47011\/revisions"}],"predecessor-version":[{"id":47013,"href":"https:\/\/haberbesiktas.tr\/index.php?rest_route=\/wp\/v2\/posts\/47011\/revisions\/47013"}],"wp:featuredmedia":[{"embeddable":true,"href":"https:\/\/haberbesiktas.tr\/index.php?rest_route=\/wp\/v2\/media\/47012"}],"wp:attachment":[{"href":"https:\/\/haberbesiktas.tr\/index.php?rest_route=%2Fwp%2Fv2%2Fmedia&parent=47011"}],"wp:term":[{"taxonomy":"category","embeddable":true,"href":"https:\/\/haberbesiktas.tr\/index.php?rest_route=%2Fwp%2Fv2%2Fcategories&post=47011"},{"taxonomy":"post_tag","embeddable":true,"href":"https:\/\/haberbesiktas.tr\/index.php?rest_route=%2Fwp%2Fv2%2Ftags&post=47011"}],"curies":[{"name":"wp","href":"https:\/\/api.w.org\/{rel}","templated":true}]}}