{"id":47014,"date":"2026-01-07T15:12:06","date_gmt":"2026-01-07T15:12:06","guid":{"rendered":"https:\/\/haberbesiktas.tr\/?p=47014"},"modified":"2026-01-07T15:12:06","modified_gmt":"2026-01-07T15:12:06","slug":"cezayir-119da-atti-nijeryanin-rakibi-oldu","status":"publish","type":"post","link":"https:\/\/haberbesiktas.tr\/?p=47014","title":{"rendered":"Cezayir 119&#8217;da att\u0131, Nijerya&#8217;n\u0131n rakibi oldu!"},"content":{"rendered":"<div>Afrika Uluslar Kupas\u0131 Son 16 \u00c7e\u015fidi ma\u00e7\u0131nda Cezayir ile Demokratik Kongo Cumhuriyeti kar\u015f\u0131 kar\u015f\u0131ya geldi. Ola\u011fan m\u00fcddeti gols\u00fcz biten ma\u00e7\u0131 uzatma k\u0131sm\u0131nda 1-0&#8217;l\u0131k skorla Cezayir kazand\u0131. Bu sonu\u00e7la birlikte Cezayir \u00e7eyrek finale y\u00fckseldi.<\/p>\n<p> Cezayir&#8217;e tipi getiren gol\u00fc 119. dakikada Adil Boulebina kaydetti. Bu gol\u00fcn akabinde Cezayir b\u00fcy\u00fck sevin\u00e7 ya\u015fad\u0131.<\/p>\n<p> Vladimir Petkovic idaresindeki Cezayir, Afrika Uluslar Kupas\u0131&#8217;nda \u00e7eyrek finalde Nijerya ile kar\u015f\u0131la\u015facak.<\/p>\n<p> Cezayir ile Nijerya ortas\u0131ndaki m\u00fcsabaka cumartesi g\u00fcn\u00fc oynanacak.<\/p>\n<\/div>\n","protected":false},"excerpt":{"rendered":"<p>Cezayir, Afrika Uluslar Kupas\u0131&#8217;nda \u00e7eyrek finale y\u00fckseldi ve Nijerya ile e\u015fle\u015fti.<\/p>\n","protected":false},"author":1,"featured_media":47015,"comment_status":"open","ping_status":"open","sticky":false,"template":"","format":"standard","meta":{"footnotes":""},"categories":[25],"tags":[3598],"class_list":["post-47014","post","type-post","status-publish","format-standard","has-post-thumbnail","hentry","category-futbol","tag-cezayir"],"_links":{"self":[{"href":"https:\/\/haberbesiktas.tr\/index.php?rest_route=\/wp\/v2\/posts\/47014","targetHints":{"allow":["GET"]}}],"collection":[{"href":"https:\/\/haberbesiktas.tr\/index.php?rest_route=\/wp\/v2\/posts"}],"about":[{"href":"https:\/\/haberbesiktas.tr\/index.php?rest_route=\/wp\/v2\/types\/post"}],"author":[{"embeddable":true,"href":"https:\/\/haberbesiktas.tr\/index.php?rest_route=\/wp\/v2\/users\/1"}],"replies":[{"embeddable":true,"href":"https:\/\/haberbesiktas.tr\/index.php?rest_route=%2Fwp%2Fv2%2Fcomments&post=47014"}],"version-history":[{"count":1,"href":"https:\/\/haberbesiktas.tr\/index.php?rest_route=\/wp\/v2\/posts\/47014\/revisions"}],"predecessor-version":[{"id":47016,"href":"https:\/\/haberbesiktas.tr\/index.php?rest_route=\/wp\/v2\/posts\/47014\/revisions\/47016"}],"wp:featuredmedia":[{"embeddable":true,"href":"https:\/\/haberbesiktas.tr\/index.php?rest_route=\/wp\/v2\/media\/47015"}],"wp:attachment":[{"href":"https:\/\/haberbesiktas.tr\/index.php?rest_route=%2Fwp%2Fv2%2Fmedia&parent=47014"}],"wp:term":[{"taxonomy":"category","embeddable":true,"href":"https:\/\/haberbesiktas.tr\/index.php?rest_route=%2Fwp%2Fv2%2Fcategories&post=47014"},{"taxonomy":"post_tag","embeddable":true,"href":"https:\/\/haberbesiktas.tr\/index.php?rest_route=%2Fwp%2Fv2%2Ftags&post=47014"}],"curies":[{"name":"wp","href":"https:\/\/api.w.org\/{rel}","templated":true}]}}