{"id":47017,"date":"2026-01-07T15:24:10","date_gmt":"2026-01-07T15:24:10","guid":{"rendered":"https:\/\/haberbesiktas.tr\/?p=47017"},"modified":"2026-01-07T15:24:10","modified_gmt":"2026-01-07T15:24:10","slug":"musaba-fenerbahcede-ilk-macinda-iki-asist-yapti","status":"publish","type":"post","link":"https:\/\/haberbesiktas.tr\/?p=47017","title":{"rendered":"Musaba, Fenerbah\u00e7e&#8217;de ilk ma\u00e7\u0131nda iki asist yapt\u0131!"},"content":{"rendered":"<div>Fenerbah\u00e7e&#8217;nin Samsunspor&#8217;dan tak\u0131m\u0131na katt\u0131\u011f\u0131 Anthony Musaba, sar\u0131-lacivertlilerdeki mesle\u011fine \u00e2l\u00e2 ba\u015flad\u0131.<\/p>\n<p> Hollandal\u0131 futbolcu, \u00dcst\u00fcn Kupa&#8217;da eski kadrosu Samsunspor&#8217;a kar\u015f\u0131 oynanan ma\u00e7a birinci 11&#8217;de ba\u015flad\u0131.<\/p>\n<p> Musaba, m\u00fcsabakan\u0131n d\u00f6rd\u00fcnc\u00fc dakikas\u0131nda Kerem Akt\u00fcrko\u011flu&#8217;nun att\u0131\u011f\u0131 golde asisti yapan futbolcu oldu.<\/p>\n<p>Ayr\u0131ca Musaba,\u00a0 67. dakikada Jhon Duran&#8217;\u0131n att\u0131\u011f\u0131 golde de asist yapt\u0131.\u00a0<\/p>\n<p>\u0130lk ma\u00e7\u0131nda iki asist yapan Musaba, 69. dakikada yerini O\u011fuz Ayd\u0131n&#8217;a b\u0131rakt\u0131.\u00a0<\/p>\n<blockquote class=\"twitter-tweet\" data-width=\"500\" data-dnt=\"true\">\n<p lang=\"tr\" dir=\"ltr\">\ud83d\udd25\ud83d\udd25 Anthony Musaba, Fenerbah\u00e7e kariyerine harika bir ba\u015flang\u0131\u00e7 yapt\u0131.<\/p>\n<p>\ud83c\udd9a \u0130lk Ma\u00e7<br \/>\ud83c\udd70\ufe0f 2 Asist <a href=\"https:\/\/t.co\/Bto8eVZdII\" rel=\"nofollow\">pic.twitter.com\/Bto8eVZdII<\/a><\/p>\n<p>&mdash; Sporx (@sporx) <a href=\"https:\/\/twitter.com\/sporx\/status\/2008613910027375039?ref_src=twsrc%5Etfw\" rel=\"nofollow noopener\" target=\"_blank\">January 6, 2026<\/a><\/p><\/blockquote>\n<p><script async src=\"https:\/\/platform.twitter.com\/widgets.js\" charset=\"utf-8\"><\/script><\/p>\n<\/p><\/div>\n","protected":false},"excerpt":{"rendered":"<p>Fenerbah\u00e7e&#8217;nin yeni transferi Anthony Musaba, sar\u0131-lacivertlilerde birinci ma\u00e7\u0131nda iki asist yapt\u0131.<\/p>\n","protected":false},"author":1,"featured_media":47019,"comment_status":"open","ping_status":"open","sticky":false,"template":"","format":"standard","meta":{"footnotes":""},"categories":[25],"tags":[],"class_list":["post-47017","post","type-post","status-publish","format-standard","has-post-thumbnail","hentry","category-futbol"],"_links":{"self":[{"href":"https:\/\/haberbesiktas.tr\/index.php?rest_route=\/wp\/v2\/posts\/47017","targetHints":{"allow":["GET"]}}],"collection":[{"href":"https:\/\/haberbesiktas.tr\/index.php?rest_route=\/wp\/v2\/posts"}],"about":[{"href":"https:\/\/haberbesiktas.tr\/index.php?rest_route=\/wp\/v2\/types\/post"}],"author":[{"embeddable":true,"href":"https:\/\/haberbesiktas.tr\/index.php?rest_route=\/wp\/v2\/users\/1"}],"replies":[{"embeddable":true,"href":"https:\/\/haberbesiktas.tr\/index.php?rest_route=%2Fwp%2Fv2%2Fcomments&post=47017"}],"version-history":[{"count":1,"href":"https:\/\/haberbesiktas.tr\/index.php?rest_route=\/wp\/v2\/posts\/47017\/revisions"}],"predecessor-version":[{"id":47020,"href":"https:\/\/haberbesiktas.tr\/index.php?rest_route=\/wp\/v2\/posts\/47017\/revisions\/47020"}],"wp:featuredmedia":[{"embeddable":true,"href":"https:\/\/haberbesiktas.tr\/index.php?rest_route=\/wp\/v2\/media\/47019"}],"wp:attachment":[{"href":"https:\/\/haberbesiktas.tr\/index.php?rest_route=%2Fwp%2Fv2%2Fmedia&parent=47017"}],"wp:term":[{"taxonomy":"category","embeddable":true,"href":"https:\/\/haberbesiktas.tr\/index.php?rest_route=%2Fwp%2Fv2%2Fcategories&post=47017"},{"taxonomy":"post_tag","embeddable":true,"href":"https:\/\/haberbesiktas.tr\/index.php?rest_route=%2Fwp%2Fv2%2Ftags&post=47017"}],"curies":[{"name":"wp","href":"https:\/\/api.w.org\/{rel}","templated":true}]}}