{"id":4703,"date":"2025-01-19T10:35:59","date_gmt":"2025-01-19T10:35:59","guid":{"rendered":"https:\/\/haberbesiktas.tr\/?p=4703"},"modified":"2025-01-19T10:35:59","modified_gmt":"2025-01-19T10:35:59","slug":"torreiradan-fernando-muslera-paylasimi","status":"publish","type":"post","link":"https:\/\/haberbesiktas.tr\/?p=4703","title":{"rendered":"Torreira&#8217;dan Fernando Muslera payla\u015f\u0131m\u0131!"},"content":{"rendered":"<div>Galatasaray&#8217;da d\u00f6nem sonu mukavelesi bitecek Fernando Muslera&#8217;n\u0131n \u00fclkesine d\u00f6nece\u011fi arg\u00fcmanlar\u0131 g\u00fcnden g\u00fcne art\u0131yor.<\/p>\n<p> Uruguayl\u0131 file bek\u00e7isinin sar\u0131 k\u0131rm\u0131z\u0131l\u0131 tak\u0131mdaki maceras\u0131nda sona yakla\u015ft\u0131\u011f\u0131 tez edilirken Lucas Torreira&#8217;dan vatanda\u015f\u0131 ile ilgili bir payla\u015f\u0131m geldi.<\/p>\n<p> <strong>&#8216;BABA, KARDE\u015e, ARKADA\u015e&#8230;&#8217;<\/strong><\/p>\n<p>Galatasaray&#8217;un y\u0131ld\u0131z orta alan\u0131 Lucas Torreira&#8217;dan Fernando Muslera payla\u015f\u0131m\u0131 geldi. \u015eahs\u00ee toplumsal medya hesab\u0131ndan Muslera ile birlikte foto\u011fraf\u0131n\u0131 payla\u015fan Torreira &#8220;Baba, karde\u015f, arkada\u015f, kaptan, psikolog ve daha fazlas\u0131&#8230; Seni seviyorum.&#8221; notunu payla\u015f\u0131m\u0131na b\u0131rakt\u0131.<\/p>\n<p> Ge\u00e7ti\u011fimiz g\u00fcnlerde Fenerbah\u00e7e idaresinden Torreira&#8217;ya y\u00f6nelik yap\u0131lan a\u00e7\u0131klamalara da cevap veren Muslera, esprili bir lisanla vatanda\u015f\u0131n\u0131 savunmu\u015ftu.<br \/><img decoding=\"async\" src=\"https:\/\/haberbesiktas.tr\/wp-content\/uploads\/2025\/01\/torreiradan-fernando-muslera-paylasimi-0-56AbATMH.png\"\/><\/p>\n<\/div>\n","protected":false},"excerpt":{"rendered":"<p>Galatasaray&#8217;da Uruguayl\u0131 Muslera&#8217;n\u0131n sar\u0131 k\u0131rm\u0131z\u0131l\u0131 tak\u0131mdaki maceras\u0131nda sona yakla\u015ft\u0131\u011f\u0131 sav edilirken Lucas Torreira&#8217;dan payla\u015f\u0131m geldi.<\/p>\n","protected":false},"author":1,"featured_media":4704,"comment_status":"open","ping_status":"open","sticky":false,"template":"","format":"standard","meta":{"footnotes":""},"categories":[25],"tags":[],"class_list":["post-4703","post","type-post","status-publish","format-standard","has-post-thumbnail","hentry","category-futbol"],"_links":{"self":[{"href":"https:\/\/haberbesiktas.tr\/index.php?rest_route=\/wp\/v2\/posts\/4703","targetHints":{"allow":["GET"]}}],"collection":[{"href":"https:\/\/haberbesiktas.tr\/index.php?rest_route=\/wp\/v2\/posts"}],"about":[{"href":"https:\/\/haberbesiktas.tr\/index.php?rest_route=\/wp\/v2\/types\/post"}],"author":[{"embeddable":true,"href":"https:\/\/haberbesiktas.tr\/index.php?rest_route=\/wp\/v2\/users\/1"}],"replies":[{"embeddable":true,"href":"https:\/\/haberbesiktas.tr\/index.php?rest_route=%2Fwp%2Fv2%2Fcomments&post=4703"}],"version-history":[{"count":1,"href":"https:\/\/haberbesiktas.tr\/index.php?rest_route=\/wp\/v2\/posts\/4703\/revisions"}],"predecessor-version":[{"id":4706,"href":"https:\/\/haberbesiktas.tr\/index.php?rest_route=\/wp\/v2\/posts\/4703\/revisions\/4706"}],"wp:featuredmedia":[{"embeddable":true,"href":"https:\/\/haberbesiktas.tr\/index.php?rest_route=\/wp\/v2\/media\/4704"}],"wp:attachment":[{"href":"https:\/\/haberbesiktas.tr\/index.php?rest_route=%2Fwp%2Fv2%2Fmedia&parent=4703"}],"wp:term":[{"taxonomy":"category","embeddable":true,"href":"https:\/\/haberbesiktas.tr\/index.php?rest_route=%2Fwp%2Fv2%2Fcategories&post=4703"},{"taxonomy":"post_tag","embeddable":true,"href":"https:\/\/haberbesiktas.tr\/index.php?rest_route=%2Fwp%2Fv2%2Ftags&post=4703"}],"curies":[{"name":"wp","href":"https:\/\/api.w.org\/{rel}","templated":true}]}}