{"id":47139,"date":"2026-01-07T22:36:04","date_gmt":"2026-01-07T22:36:04","guid":{"rendered":"https:\/\/haberbesiktas.tr\/?p=47139"},"modified":"2026-01-07T22:36:04","modified_gmt":"2026-01-07T22:36:04","slug":"g-sarayin-rotasyonuna-super-ligden-iki-transfer","status":"publish","type":"post","link":"https:\/\/haberbesiktas.tr\/?p=47139","title":{"rendered":"G.Saray&#8217;\u0131n rotasyonuna S\u00fcper Lig&#8217;den iki transfer"},"content":{"rendered":"<div>Ara transferde yerli rotasyonunu g\u00fc\u00e7lendirmek isteyen Galatasaray&#8217;\u0131n bu d\u00f6nem g\u00f6sterdi\u011fi performansla dikkatleri \u00fczerine \u00e7eken Alanyasporlu \u00dcmit Akda\u011f&#8217;\u0131 da listeye dahil etti\u011fi \u00f6\u011frenildi.<\/p>\n<p> Sol bek ve sol stoper konumlar\u0131nda vazife yapabilen 22 ya\u015f\u0131ndaki futbolcu bu d\u00f6nem 16 ma\u00e7ta 1320 dakika misyon yapt\u0131. 1.92 uzunlu\u011funda olan \u00dcmit Akda\u011f bir periyot Chelsea altyap\u0131s\u0131nda da forma giymi\u015fti.<\/p>\n<p> Alanyaspor formas\u0131 alt\u0131nda bu d\u00f6nem 16 ma\u00e7ta m\u00fcddet bulan \u00dcmit Akda\u011f, 1 gol, 2 asist ile skora da katk\u0131 sa\u011flad\u0131. <\/p>\n<p> <span><strong>TAHA \u015eAH\u0130N DE L\u0130STEDE<\/strong><\/span><\/p>\n<p> Sa\u011f bek mevkisi i\u00e7in d\u00fc\u015f\u00fcn\u00fclen Taha \u015eahin konusunda \u0131srarl\u0131 olan sar\u0131-k\u0131rm\u0131z\u0131l\u0131lar\u0131n, Karadeniz grubunu ikna etmek i\u00e7in kurallar\u0131 zorlayaca\u011f\u0131 belirtildi.<\/p>\n<p> \u0130darenin, \u00f6n\u00fcm\u00fczdeki g\u00fcnlerde \u00c7aykur Rizespor yetkilileriyle bir ortaya gelerek transferi resmiyete d\u00f6kmesi bekleniyor.<\/p>\n<\/div>\n","protected":false},"excerpt":{"rendered":"<p>Yerli rotasyonunu geli\u015ftirmek ve derinle\u015ftirmek isteyen Galatasaray&#8217;da Alanyaspor&#8217;dan \u00dcmit Akda\u011f ve Rizespor&#8217;dan Taha \u015eahin isimleri g\u00fcndeme geldi.<\/p>\n","protected":false},"author":1,"featured_media":47140,"comment_status":"open","ping_status":"open","sticky":false,"template":"","format":"standard","meta":{"footnotes":""},"categories":[25],"tags":[],"class_list":["post-47139","post","type-post","status-publish","format-standard","has-post-thumbnail","hentry","category-futbol"],"_links":{"self":[{"href":"https:\/\/haberbesiktas.tr\/index.php?rest_route=\/wp\/v2\/posts\/47139","targetHints":{"allow":["GET"]}}],"collection":[{"href":"https:\/\/haberbesiktas.tr\/index.php?rest_route=\/wp\/v2\/posts"}],"about":[{"href":"https:\/\/haberbesiktas.tr\/index.php?rest_route=\/wp\/v2\/types\/post"}],"author":[{"embeddable":true,"href":"https:\/\/haberbesiktas.tr\/index.php?rest_route=\/wp\/v2\/users\/1"}],"replies":[{"embeddable":true,"href":"https:\/\/haberbesiktas.tr\/index.php?rest_route=%2Fwp%2Fv2%2Fcomments&post=47139"}],"version-history":[{"count":1,"href":"https:\/\/haberbesiktas.tr\/index.php?rest_route=\/wp\/v2\/posts\/47139\/revisions"}],"predecessor-version":[{"id":47141,"href":"https:\/\/haberbesiktas.tr\/index.php?rest_route=\/wp\/v2\/posts\/47139\/revisions\/47141"}],"wp:featuredmedia":[{"embeddable":true,"href":"https:\/\/haberbesiktas.tr\/index.php?rest_route=\/wp\/v2\/media\/47140"}],"wp:attachment":[{"href":"https:\/\/haberbesiktas.tr\/index.php?rest_route=%2Fwp%2Fv2%2Fmedia&parent=47139"}],"wp:term":[{"taxonomy":"category","embeddable":true,"href":"https:\/\/haberbesiktas.tr\/index.php?rest_route=%2Fwp%2Fv2%2Fcategories&post=47139"},{"taxonomy":"post_tag","embeddable":true,"href":"https:\/\/haberbesiktas.tr\/index.php?rest_route=%2Fwp%2Fv2%2Ftags&post=47139"}],"curies":[{"name":"wp","href":"https:\/\/api.w.org\/{rel}","templated":true}]}}