{"id":47148,"date":"2026-01-07T23:24:04","date_gmt":"2026-01-07T23:24:04","guid":{"rendered":"https:\/\/haberbesiktas.tr\/?p=47148"},"modified":"2026-01-07T23:24:04","modified_gmt":"2026-01-07T23:24:04","slug":"rafa-silva-besiktasi-cildirtacak","status":"publish","type":"post","link":"https:\/\/haberbesiktas.tr\/?p=47148","title":{"rendered":"Rafa Silva Be\u015fikta\u015f&#8217;\u0131 \u00e7\u0131ld\u0131rtacak!"},"content":{"rendered":"<div>\n<p>Devre ortas\u0131 \u00e7al\u0131\u015fmalar\u0131n\u0131 Antalya&#8217;da s\u00fcrd\u00fcren Be\u015fikta\u015f&#8217;ta ayr\u0131lmay\u0131 ba\u015f\u0131na koyan Rafa Silva, d\u00fcn tekrar kadro idman\u0131nda yer almad\u0131.<\/p>\n<p> Saha kenar\u0131nda topla k\u0131sa bir \u00e7al\u0131\u015fma yapan Portekizli y\u0131ld\u0131z, vakit zaman topun \u00fczerine oturarak etraf\u0131 seyretti.<\/p>\n<p><strong>\u0130Y\u0130 BONSERV\u0130S OLMADAN AYRILIK YOK<\/strong><\/p>\n<p>Tecr\u00fcbeli oyuncu i\u00e7in kul\u00fcbe \u015fu ana kadar resmi bir teklif gelmedi\u011fi \u00f6\u011frenilirken, idarenin de d\u00fczg\u00fcn bir bonservis bedeli almadan Rafa&#8217;y\u0131 g\u00f6ndermeye niyeti olmad\u0131\u011f\u0131 \u00f6\u011frenildi.<\/p>\n<p><strong>PERFORMANSI<\/strong><\/p>\n<p>Bu d\u00f6nem Be\u015fikta\u015f formas\u0131yla 16 ma\u00e7a \u00e7\u0131kan Rafa Silva, 5 gol 3 asistlik performans sergiledi.<\/p>\n<\/div>\n","protected":false},"excerpt":{"rendered":"<p>Be\u015fikta\u015f&#8217;ta ayr\u0131l\u0131\u011f\u0131 g\u00fcndemde olan Portekizli oyuncu Rafa Silva yeniden idmana \u00e7\u0131kmad\u0131.<\/p>\n","protected":false},"author":1,"featured_media":47149,"comment_status":"open","ping_status":"open","sticky":false,"template":"","format":"standard","meta":{"footnotes":""},"categories":[25],"tags":[],"class_list":["post-47148","post","type-post","status-publish","format-standard","has-post-thumbnail","hentry","category-futbol"],"_links":{"self":[{"href":"https:\/\/haberbesiktas.tr\/index.php?rest_route=\/wp\/v2\/posts\/47148","targetHints":{"allow":["GET"]}}],"collection":[{"href":"https:\/\/haberbesiktas.tr\/index.php?rest_route=\/wp\/v2\/posts"}],"about":[{"href":"https:\/\/haberbesiktas.tr\/index.php?rest_route=\/wp\/v2\/types\/post"}],"author":[{"embeddable":true,"href":"https:\/\/haberbesiktas.tr\/index.php?rest_route=\/wp\/v2\/users\/1"}],"replies":[{"embeddable":true,"href":"https:\/\/haberbesiktas.tr\/index.php?rest_route=%2Fwp%2Fv2%2Fcomments&post=47148"}],"version-history":[{"count":1,"href":"https:\/\/haberbesiktas.tr\/index.php?rest_route=\/wp\/v2\/posts\/47148\/revisions"}],"predecessor-version":[{"id":47150,"href":"https:\/\/haberbesiktas.tr\/index.php?rest_route=\/wp\/v2\/posts\/47148\/revisions\/47150"}],"wp:featuredmedia":[{"embeddable":true,"href":"https:\/\/haberbesiktas.tr\/index.php?rest_route=\/wp\/v2\/media\/47149"}],"wp:attachment":[{"href":"https:\/\/haberbesiktas.tr\/index.php?rest_route=%2Fwp%2Fv2%2Fmedia&parent=47148"}],"wp:term":[{"taxonomy":"category","embeddable":true,"href":"https:\/\/haberbesiktas.tr\/index.php?rest_route=%2Fwp%2Fv2%2Fcategories&post=47148"},{"taxonomy":"post_tag","embeddable":true,"href":"https:\/\/haberbesiktas.tr\/index.php?rest_route=%2Fwp%2Fv2%2Ftags&post=47148"}],"curies":[{"name":"wp","href":"https:\/\/api.w.org\/{rel}","templated":true}]}}