{"id":47151,"date":"2026-01-07T23:36:04","date_gmt":"2026-01-07T23:36:04","guid":{"rendered":"https:\/\/haberbesiktas.tr\/?p=47151"},"modified":"2026-01-07T23:36:04","modified_gmt":"2026-01-07T23:36:04","slug":"fenerbahcede-anlasma-tamam-matteo-guendouzi","status":"publish","type":"post","link":"https:\/\/haberbesiktas.tr\/?p=47151","title":{"rendered":"Fenerbah\u00e7e&#8217;de anla\u015fma tamam: Matteo Guendouzi"},"content":{"rendered":"<div>\n<p><span>Trendyol S\u00fcper Lig&#8217;de orta transfer \u00e7al\u0131\u015fmalar\u0131n\u0131 s\u00fcrd\u00fcren Fenerbah\u00e7e, Anthony Musaba&#8217;n\u0131n akabinde Matteo Guendouzi&#8217;yi de tak\u0131m\u0131na katmaya haz\u0131rlan\u0131yor.<\/span><\/p>\n<p> <em><span><strong>Ya\u011f\u0131z Sabuncuo\u011flu&#8217;nun haberine g\u00f6re<\/strong><\/span><\/em>, sar\u0131-lacivertliler, Matteo Guendouzi ile 4.5+1 y\u0131ll\u0131k kontrat konusunda muahedeye vard\u0131.<\/p>\n<p> <strong>TARAFLAR EL SIKI\u015eTI<\/strong> <\/p>\n<p> Taraflar, Guendouzi&#8217;nin transferi i\u00e7in bonuslarla birlikte toplam 30 milyon euro kar\u015f\u0131l\u0131\u011f\u0131nda el s\u0131k\u0131\u015ft\u0131.<\/p>\n<p><strong>\u0130STANBUL&#8217;A GELECE\u011e\u0130 TAR\u0130H<\/strong><\/p>\n<p> <span><em><strong>Di Marzio&#8217;nun aktard\u0131\u011f\u0131 bilgilere nazaran,<\/strong><\/em><\/span>\u00a0<span>Guendouzi, 11 Ocak Pazar g\u00fcn\u00fc oynanacak olan Verona-Lazio ma\u00e7\u0131n\u0131n akabinde \u0130stanbul&#8217;a gidecek.<\/span><\/p>\n<p> <strong>KAR\u0130YER\u0130<\/strong><\/p>\n<p> Futbola Paris Saint Germain&#8217;in altyap\u0131s\u0131nda ba\u015flayan Matteo Guendouzi, sonras\u0131nda Lorient, Arsenal, Hertha Berlin, Marsilya ve Lazio formalar\u0131n\u0131 giydi.<\/p>\n<p> <strong>PERFORMANSI<\/strong><\/p>\n<p> Lazio&#8217;da bu d\u00f6nem 16 ma\u00e7a \u00e7\u0131kan 26 ya\u015f\u0131ndaki oyuncu, 2 gol ve 1 asist kaydetti.<\/p>\n<p> <span><img decoding=\"async\" src=\"https:\/\/haberbesiktas.tr\/wp-content\/uploads\/2026\/01\/fenerbahcede-anlasma-tamam-matteo-guendouzi-0-EVA93SZi.jpeg\"\/> <\/span><\/p>\n<\/div>\n","protected":false},"excerpt":{"rendered":"<p>Fenerbah\u00e7e, Frans\u0131z orta saha oyuncusu Matteo Guendouzi ile 4.5+1 y\u0131ll\u0131k muahedeye vard\u0131.<\/p>\n","protected":false},"author":1,"featured_media":47152,"comment_status":"open","ping_status":"open","sticky":false,"template":"","format":"standard","meta":{"footnotes":""},"categories":[25],"tags":[3602],"class_list":["post-47151","post","type-post","status-publish","format-standard","has-post-thumbnail","hentry","category-futbol","tag-guendouzi"],"_links":{"self":[{"href":"https:\/\/haberbesiktas.tr\/index.php?rest_route=\/wp\/v2\/posts\/47151","targetHints":{"allow":["GET"]}}],"collection":[{"href":"https:\/\/haberbesiktas.tr\/index.php?rest_route=\/wp\/v2\/posts"}],"about":[{"href":"https:\/\/haberbesiktas.tr\/index.php?rest_route=\/wp\/v2\/types\/post"}],"author":[{"embeddable":true,"href":"https:\/\/haberbesiktas.tr\/index.php?rest_route=\/wp\/v2\/users\/1"}],"replies":[{"embeddable":true,"href":"https:\/\/haberbesiktas.tr\/index.php?rest_route=%2Fwp%2Fv2%2Fcomments&post=47151"}],"version-history":[{"count":1,"href":"https:\/\/haberbesiktas.tr\/index.php?rest_route=\/wp\/v2\/posts\/47151\/revisions"}],"predecessor-version":[{"id":47154,"href":"https:\/\/haberbesiktas.tr\/index.php?rest_route=\/wp\/v2\/posts\/47151\/revisions\/47154"}],"wp:featuredmedia":[{"embeddable":true,"href":"https:\/\/haberbesiktas.tr\/index.php?rest_route=\/wp\/v2\/media\/47152"}],"wp:attachment":[{"href":"https:\/\/haberbesiktas.tr\/index.php?rest_route=%2Fwp%2Fv2%2Fmedia&parent=47151"}],"wp:term":[{"taxonomy":"category","embeddable":true,"href":"https:\/\/haberbesiktas.tr\/index.php?rest_route=%2Fwp%2Fv2%2Fcategories&post=47151"},{"taxonomy":"post_tag","embeddable":true,"href":"https:\/\/haberbesiktas.tr\/index.php?rest_route=%2Fwp%2Fv2%2Ftags&post=47151"}],"curies":[{"name":"wp","href":"https:\/\/api.w.org\/{rel}","templated":true}]}}