{"id":47155,"date":"2026-01-07T23:48:03","date_gmt":"2026-01-07T23:48:03","guid":{"rendered":"https:\/\/haberbesiktas.tr\/?p=47155"},"modified":"2026-01-07T23:48:03","modified_gmt":"2026-01-07T23:48:03","slug":"galatasaray-daikinin-yari-final-yolunda-rakibi-roeselare","status":"publish","type":"post","link":"https:\/\/haberbesiktas.tr\/?p=47155","title":{"rendered":"Galatasaray Daikin&#8217;in yar\u0131 final yolunda rakibi Roeselare"},"content":{"rendered":"<p>Galatasaray Daikin, CEV Cup 8&#8217;li finaller birinci ma\u00e7\u0131nda Darta Bevo Roeselare ekibine konuk olacak.<\/p>\n<p> Bel\u00e7ika&#8217;daki REO Arena&#8217;da oynanacak olan \u00e7aba TS\u0130 22.00&#8217;de ba\u015flayacak.<\/p>\n<p> CEV Cup 16&#8217;l\u0131 finallerde Portekiz grubu FC Porto&#8217;yu ge\u00e7en sar\u0131 k\u0131rm\u0131z\u0131l\u0131lar, 8&#8217;li finallerde Bel\u00e7ika tak\u0131m\u0131 Darta Bevo Roeselare ile e\u015fle\u015fti.<\/p>\n<p> \u00c7e\u015fidin 2. ma\u00e7\u0131 ise 14 Ocak \u00c7ar\u015famba g\u00fcn\u00fc saat 19.30&#8217;da Galatasaray&#8217;\u0131n mesken sahipli\u011finde TVF Burhan Felek Vestel Voleybol Salonu&#8217;nda oynanacak.<\/p>\n","protected":false},"excerpt":{"rendered":"<p>Galatasaray Daikin, CEV Cup 8&#8217;li finaller birinci ma\u00e7\u0131nda Bel\u00e7ika&#8217;n\u0131n Darta Bevo Roeselare grubu ile deplasmanda kar\u015f\u0131la\u015facak.<\/p>\n","protected":false},"author":1,"featured_media":47156,"comment_status":"open","ping_status":"open","sticky":false,"template":"","format":"standard","meta":{"footnotes":""},"categories":[39],"tags":[],"class_list":["post-47155","post","type-post","status-publish","format-standard","has-post-thumbnail","hentry","category-voleybol"],"_links":{"self":[{"href":"https:\/\/haberbesiktas.tr\/index.php?rest_route=\/wp\/v2\/posts\/47155","targetHints":{"allow":["GET"]}}],"collection":[{"href":"https:\/\/haberbesiktas.tr\/index.php?rest_route=\/wp\/v2\/posts"}],"about":[{"href":"https:\/\/haberbesiktas.tr\/index.php?rest_route=\/wp\/v2\/types\/post"}],"author":[{"embeddable":true,"href":"https:\/\/haberbesiktas.tr\/index.php?rest_route=\/wp\/v2\/users\/1"}],"replies":[{"embeddable":true,"href":"https:\/\/haberbesiktas.tr\/index.php?rest_route=%2Fwp%2Fv2%2Fcomments&post=47155"}],"version-history":[{"count":1,"href":"https:\/\/haberbesiktas.tr\/index.php?rest_route=\/wp\/v2\/posts\/47155\/revisions"}],"predecessor-version":[{"id":47157,"href":"https:\/\/haberbesiktas.tr\/index.php?rest_route=\/wp\/v2\/posts\/47155\/revisions\/47157"}],"wp:featuredmedia":[{"embeddable":true,"href":"https:\/\/haberbesiktas.tr\/index.php?rest_route=\/wp\/v2\/media\/47156"}],"wp:attachment":[{"href":"https:\/\/haberbesiktas.tr\/index.php?rest_route=%2Fwp%2Fv2%2Fmedia&parent=47155"}],"wp:term":[{"taxonomy":"category","embeddable":true,"href":"https:\/\/haberbesiktas.tr\/index.php?rest_route=%2Fwp%2Fv2%2Fcategories&post=47155"},{"taxonomy":"post_tag","embeddable":true,"href":"https:\/\/haberbesiktas.tr\/index.php?rest_route=%2Fwp%2Fv2%2Ftags&post=47155"}],"curies":[{"name":"wp","href":"https:\/\/api.w.org\/{rel}","templated":true}]}}