{"id":47161,"date":"2026-01-08T00:12:04","date_gmt":"2026-01-08T00:12:04","guid":{"rendered":"https:\/\/haberbesiktas.tr\/?p=47161"},"modified":"2026-01-08T00:12:04","modified_gmt":"2026-01-08T00:12:04","slug":"ziraat-bankkart-slovenya-deplasmaninda","status":"publish","type":"post","link":"https:\/\/haberbesiktas.tr\/?p=47161","title":{"rendered":"Ziraat Bankkart, Slovenya deplasman\u0131nda!"},"content":{"rendered":"<p>Ziraat Bankkart Erkek Voleybol Ekibi, CEV \u015eampiyonlar Ligi A Grubu&#8217;ndaki 2. ma\u00e7\u0131nda 8 Ocak Per\u015fembe g\u00fcn\u00fc deplasmanda Sloven kul\u00fcb\u00fc ACH Volley ile \u00e7aba edecek.\u00a0<\/p>\n<p> Ge\u00e7en d\u00f6nemin CEV Kupas\u0131 ve Efeler Ligi \u015fampiyonu Ziraat Bankkart, son 4 y\u0131l\u0131n Slovenya ligi \u015fampiyonu ACH Volley&#8217;e konuk olacak.<\/p>\n<p> Ba\u015f\u015fehir Ljubljana&#8217;daki Tivoli Spor Salonu&#8217;nda oynanacak m\u00fcsabaka, 8 Ocak Per\u015fembe g\u00fcn\u00fc TS\u0130 22.00&#8217;de ba\u015flayacak.<\/p>\n<p> K\u00fcmede birinci ma\u00e7\u0131n\u0131 kazanan Ziraat Bankkart 2&#8217;nci, bir yenilgisi bulunan ACH Volley ise son s\u0131rada yer al\u0131yor.<\/p>\n","protected":false},"excerpt":{"rendered":"<p>Ziraat Bankkart Erkek Voleybol Ekibi, CEV \u015eampiyonlar Ligi A Grubu&#8217;ndaki 2. ma\u00e7\u0131nda deplasmanda Sloven kul\u00fcb\u00fc ACH Volley ile \u00e7aba edecek.<\/p>\n","protected":false},"author":1,"featured_media":47162,"comment_status":"open","ping_status":"open","sticky":false,"template":"","format":"standard","meta":{"footnotes":""},"categories":[39],"tags":[],"class_list":["post-47161","post","type-post","status-publish","format-standard","has-post-thumbnail","hentry","category-voleybol"],"_links":{"self":[{"href":"https:\/\/haberbesiktas.tr\/index.php?rest_route=\/wp\/v2\/posts\/47161","targetHints":{"allow":["GET"]}}],"collection":[{"href":"https:\/\/haberbesiktas.tr\/index.php?rest_route=\/wp\/v2\/posts"}],"about":[{"href":"https:\/\/haberbesiktas.tr\/index.php?rest_route=\/wp\/v2\/types\/post"}],"author":[{"embeddable":true,"href":"https:\/\/haberbesiktas.tr\/index.php?rest_route=\/wp\/v2\/users\/1"}],"replies":[{"embeddable":true,"href":"https:\/\/haberbesiktas.tr\/index.php?rest_route=%2Fwp%2Fv2%2Fcomments&post=47161"}],"version-history":[{"count":1,"href":"https:\/\/haberbesiktas.tr\/index.php?rest_route=\/wp\/v2\/posts\/47161\/revisions"}],"predecessor-version":[{"id":47163,"href":"https:\/\/haberbesiktas.tr\/index.php?rest_route=\/wp\/v2\/posts\/47161\/revisions\/47163"}],"wp:featuredmedia":[{"embeddable":true,"href":"https:\/\/haberbesiktas.tr\/index.php?rest_route=\/wp\/v2\/media\/47162"}],"wp:attachment":[{"href":"https:\/\/haberbesiktas.tr\/index.php?rest_route=%2Fwp%2Fv2%2Fmedia&parent=47161"}],"wp:term":[{"taxonomy":"category","embeddable":true,"href":"https:\/\/haberbesiktas.tr\/index.php?rest_route=%2Fwp%2Fv2%2Fcategories&post=47161"},{"taxonomy":"post_tag","embeddable":true,"href":"https:\/\/haberbesiktas.tr\/index.php?rest_route=%2Fwp%2Fv2%2Ftags&post=47161"}],"curies":[{"name":"wp","href":"https:\/\/api.w.org\/{rel}","templated":true}]}}