{"id":47240,"date":"2026-01-08T05:48:03","date_gmt":"2026-01-08T05:48:03","guid":{"rendered":"https:\/\/haberbesiktas.tr\/?p=47240"},"modified":"2026-01-08T05:48:03","modified_gmt":"2026-01-08T05:48:03","slug":"mert-gunok-fenerbahcede-2-5-yillik-imza","status":"publish","type":"post","link":"https:\/\/haberbesiktas.tr\/?p=47240","title":{"rendered":"Mert G\u00fcnok Fenerbah\u00e7e&#8217;de: 2.5 y\u0131ll\u0131k imza!"},"content":{"rendered":"<div>\n<p>Be\u015fikta\u015f&#8217;tan ayr\u0131lan Mert G\u00fcnok 10 y\u0131l sonra yuvaya d\u00f6nd\u00fc.<\/p>\n<p> Fenerbah\u00e7e formas\u0131yla de\u011ferli bir meslek in\u015fa ettikten sonra 2015 y\u0131l\u0131nda Bursaspor&#8217;a, akabinde Ba\u015fak\u015fehir&#8217;e transfer olan deneyimli kaleci, 2020-2021 d\u00f6neminde Be\u015fikta\u015f formas\u0131 giymeye ba\u015flam\u0131\u015ft\u0131. Mert G\u00fcnok bug\u00fcn att\u0131\u011f\u0131 imza ile yakla\u015f\u0131k 10 y\u0131l sonra yine Fenerbah\u00e7e&#8217;ye d\u00f6nd\u00fc.<\/p>\n<p><strong>2.5 YILLIK S\u00d6ZLE\u015eME<\/strong><\/p>\n<p> S\u0131hhat denetiminden ge\u00e7en deneyimli kaleci 2.5 y\u0131ll\u0131k kontrata imza att\u0131.<\/p>\n<p><strong>10 YIL SONRA GER\u0130 D\u00d6ND\u00dc<\/strong> <\/p>\n<p> Yakla\u015f\u0131k 10 y\u0131l ortadan sonra Fenerbah\u00e7e&#8217;ye d\u00f6nen Mert G\u00fcnok, Samand\u0131ra&#8217;da birinci egzersizine 8 Ocak Per\u015fembe g\u00fcn\u00fc \u00e7\u0131kacak.<\/p>\n<p> Ulusal grup ve oynad\u0131\u011f\u0131 t\u00fcm kadrolarda de\u011ferli kurtar\u0131\u015flar yapan, topu oyuna d\u00fczg\u00fcn sokmakla \u00fcnlenen 35 ya\u015f\u0131ndaki deneyimli isim 2028 y\u0131l\u0131 haziran ay\u0131na kadar Sar\u0131-lacivertli formay\u0131 giyecek.<\/p>\n<\/div>\n","protected":false},"excerpt":{"rendered":"<p>Be\u015fikta\u015f&#8217;tan ayr\u0131lan Mert G\u00fcnok, Fenerbah\u00e7e ile 2.5 y\u0131ll\u0131k kontrat imzalad\u0131.<\/p>\n","protected":false},"author":1,"featured_media":47241,"comment_status":"open","ping_status":"open","sticky":false,"template":"","format":"standard","meta":{"footnotes":""},"categories":[25],"tags":[],"class_list":["post-47240","post","type-post","status-publish","format-standard","has-post-thumbnail","hentry","category-futbol"],"_links":{"self":[{"href":"https:\/\/haberbesiktas.tr\/index.php?rest_route=\/wp\/v2\/posts\/47240","targetHints":{"allow":["GET"]}}],"collection":[{"href":"https:\/\/haberbesiktas.tr\/index.php?rest_route=\/wp\/v2\/posts"}],"about":[{"href":"https:\/\/haberbesiktas.tr\/index.php?rest_route=\/wp\/v2\/types\/post"}],"author":[{"embeddable":true,"href":"https:\/\/haberbesiktas.tr\/index.php?rest_route=\/wp\/v2\/users\/1"}],"replies":[{"embeddable":true,"href":"https:\/\/haberbesiktas.tr\/index.php?rest_route=%2Fwp%2Fv2%2Fcomments&post=47240"}],"version-history":[{"count":1,"href":"https:\/\/haberbesiktas.tr\/index.php?rest_route=\/wp\/v2\/posts\/47240\/revisions"}],"predecessor-version":[{"id":47242,"href":"https:\/\/haberbesiktas.tr\/index.php?rest_route=\/wp\/v2\/posts\/47240\/revisions\/47242"}],"wp:featuredmedia":[{"embeddable":true,"href":"https:\/\/haberbesiktas.tr\/index.php?rest_route=\/wp\/v2\/media\/47241"}],"wp:attachment":[{"href":"https:\/\/haberbesiktas.tr\/index.php?rest_route=%2Fwp%2Fv2%2Fmedia&parent=47240"}],"wp:term":[{"taxonomy":"category","embeddable":true,"href":"https:\/\/haberbesiktas.tr\/index.php?rest_route=%2Fwp%2Fv2%2Fcategories&post=47240"},{"taxonomy":"post_tag","embeddable":true,"href":"https:\/\/haberbesiktas.tr\/index.php?rest_route=%2Fwp%2Fv2%2Ftags&post=47240"}],"curies":[{"name":"wp","href":"https:\/\/api.w.org\/{rel}","templated":true}]}}