{"id":47243,"date":"2026-01-08T06:00:05","date_gmt":"2026-01-08T06:00:05","guid":{"rendered":"https:\/\/haberbesiktas.tr\/?p=47243"},"modified":"2026-01-08T06:00:05","modified_gmt":"2026-01-08T06:00:05","slug":"arda-turandan-shelveye-cevap","status":"publish","type":"post","link":"https:\/\/haberbesiktas.tr\/?p=47243","title":{"rendered":"Arda Turan&#8217;dan Shelvey&#8217;e cevap"},"content":{"rendered":"<div>Shakhtar Donetsk Teknik Y\u00f6neticisi Arda Turan, Ey\u00fcpspor&#8217;dan futbolcusu olan Jonjo Shelvey&#8217;nin arg\u00fcmanlar\u0131na kar\u015f\u0131l\u0131k verdi.<\/p>\n<p>Turan, &#8220;<strong>Ad\u0131 ge\u00e7en oyuncunun, benimle \u00f6zel konu\u015fmalar\u0131 i\u00e7in tasvir etti\u011fi ortam\u0131n ger\u00e7eklikle uzaktan yak\u0131ndan ilgisi yoktur.<\/strong>&#8221; s\u00f6zlerini kulland\u0131.<\/p>\n<p><em><strong>\u0130\u015fte Arda Turan&#8217;\u0131n a\u00e7\u0131klamas\u0131:<\/strong><\/em><\/p>\n<p>&#8220;Ey\u00fcpspor&#8217;da misyon yapt\u0131\u011f\u0131m m\u00fchlet boyunca formam\u0131z\u0131 giymi\u015f olan eski bir oyuncumuzun bas\u0131na yapt\u0131\u011f\u0131 ve \u00fclkemizle ilgili &#8220;tespit&#8221; sonlar\u0131n\u0131 a\u015fan a\u00e7\u0131klamalar\u0131 \u00fcz\u00fclerek okudum.<\/p>\n<p> Benim \u00e7al\u0131\u015fma prensiplerimin iki temeli vard\u0131r. Aileye h\u00fcrmet ve direkt irtibat.<\/p>\n<p> \u0130smi ge\u00e7en oyuncu bana ailevi s\u0131k\u0131nt\u0131lar\u0131 oldu\u011funu iletti\u011fi birinci andan itibaren; ona ailesini g\u00f6rebilmesi i\u00e7in m\u00fchlet hududu olmayacak bi\u00e7imde m\u00fcsaade verdim, ruhsal dayanak i\u00e7in bizden ne talep ederse o formda yard\u0131mc\u0131 olabilece\u011fimizi, benim i\u00e7in evvel insani mutlulu\u011fun geldi\u011fini belirttim. <\/p>\n<p> \u0130dmanlarda ve ma\u00e7larda onu fiziken ve ruhsal olarak koruyabilmek i\u00e7in grubumuz \u00f6zel programlar \u00e7al\u0131\u015ft\u0131. O s\u00fcre\u00e7te oyuncunun mahremiyetine h\u00fcrmet duydu\u011fumuz i\u00e7in sessiz kalm\u0131\u015ft\u0131k fakat gelinen noktada aldat\u0131c\u0131 bir foto\u011fraf olu\u015fmamas\u0131 i\u00e7in bunu s\u00f6ylemek durumunday\u0131m. T\u00fcm yakla\u015f\u0131mlar\u0131m\u0131za kar\u015f\u0131n ismi ge\u00e7en futbolcunun, kadro hekimlerine haber vermeden ve g\u00f6r\u00fc\u015f almadan ila\u00e7 kullanmaya devam etti\u011fini, idmanlardaki s\u0131ra d\u0131\u015f\u0131 davran\u0131\u015flar\u0131ndan anlad\u0131k.<\/p>\n<p> Ben oyuncular\u0131mla yapt\u0131\u011f\u0131m t\u00fcm \u00f6zel toplant\u0131lara; konu\u015fulanlara \u015fahit olmalar\u0131 a\u00e7\u0131s\u0131ndan tak\u0131m\u0131mdan bir profesyoneli dahil ederim. \u0130smi ge\u00e7en oyuncunun, benimle \u00f6zel konu\u015fmalar\u0131 i\u00e7in tasvir etti\u011fi ortam\u0131n ger\u00e7eklikle uzaktan yak\u0131ndan ilgisi yoktur.<\/p>\n<p> Kontratl\u0131 futbolcumuz oldu\u011fu devirde, profesyonel gereklili\u011fi israrla yerine getirmemi\u015f, buna kar\u015f\u0131n her seferinde g\u00fczel g\u00f6r\u00fcyle ve takviye teklifiyle kar\u015f\u0131lanm\u0131\u015f olan ki\u015finin bas\u0131na yapt\u0131\u011f\u0131 bu temelsiz a\u00e7\u0131klamalar\u0131 ba\u015fta kendime, o periyot t\u00fcm profesyonel dayana\u011f\u0131 vermi\u015f olan s\u0131hhat tak\u0131m\u0131m\u0131za, grup arkada\u015flar\u0131na ve \u00fclkemize sayg\u0131s\u0131zl\u0131k olarak kabul etti\u011fimin bilinmesini isterim.&#8221;<\/p>\n<p><strong>1\u00a0 ADIM GER\u0130DEN;<\/strong><br \/><strong>JONJO SHELVEY&#8217;N\u0130N \u0130DD\u0130ALARI<br \/><\/strong><\/p>\n<p> T\u00fcrkiye g\u00fcnlerini anlatan Jonjo Shelvey, Ey\u00fcpspor ve Arda Turan ile ilgili \u015fu savlarda bulunmu\u015ftu:<\/p>\n<p>&#8220;Evet, Arda Turan meczuptu. Katiyetle meczuptu. (&#8216;\u0130yi manada m\u0131 berbat manada m\u0131?&#8217; sorusu \u00fczerine) Hay\u0131r, yaln\u0131zca meczuptu. B\u00fcsb\u00fct\u00fcn ak\u0131l hastas\u0131yd\u0131. Yani, mukaveleyi imzalamadan evvel onunla ilgili bir belgesel izledim. Ve nat\u00fcrel ki onun hakk\u0131nda \u00f6teki bir k\u0131ssa anlataca\u011f\u0131m, Amazon&#8217;da yay\u0131nlan\u0131yordu. \u0130zlerseniz, Amazon&#8217;un Rooney ve onun \u00fczere be\u015ferler hakk\u0131nda yapt\u0131\u011f\u0131 belgeseller \u00fczere. Arda Turan&#8217;\u0131n da bir tane var ve bir g\u00f6r\u00fcnt\u00fc klibi var, bir barda arbede ediyor ve sonra hengamede yenilip yenilmedi\u011fini bilmiyorum lakin konuta gidip bir silah alm\u0131\u015f. Hastaneye girip adam\u0131 vurmaya \u00e7al\u0131\u015fm\u0131\u015f. Yemin ederim, belgeselde var. \u00c7\u0131lg\u0131nca. \u00c7\u0131lg\u0131nca, ancak arbede etti\u011fi g\u00f6r\u00fcnt\u00fcleri g\u00f6r\u00fcyorsunuz. Alanda ayakkab\u0131s\u0131n\u0131 \u00e7\u0131kar\u0131yor, sonra yan hakeme at\u0131yor, bu t\u00fcrl\u00fc \u015feyler yap\u0131yor. O mecnun.<\/p>\n<p> G\u00fcya tek istedi\u011fi \u015fey odas\u0131na girip &#8220;John, seni seviyorum. Seni seviyorum&#8221; demekmi\u015f \u00fczere. &#8220;Bana viski var m\u0131?&#8221; dedi. Zira viskiyi \u00e7ok severdi. \u0130dmandan sonra masaya ayaklar\u0131n\u0131 uzat\u0131p puro ve viski i\u00e7erdi. \u00c7\u0131lg\u0131nca. \u0130ngiltere&#8217;de bu t\u00fcrl\u00fc bir \u015fey ya\u015famam\u0131\u015ft\u0131m, anl\u0131yor musun? Ancak d\u00fcr\u00fcst olmak gerekirse, oraya yaln\u0131zca bana \u00e7ok d\u00fczg\u00fcn bir kontrat teklif ettikleri i\u00e7in gittim.&#8221;<\/p>\n<p> <strong>\u00a0<\/strong><\/p>\n<\/div>\n","protected":false},"excerpt":{"rendered":"<p>Arda Turan, Jonjo Shelvey&#8217;nin kendisi hakk\u0131nda &#8216;Ey\u00fcpspor&#8217;dayken odas\u0131nda viski ve puro i\u00e7erdi&#8217; kelamlar\u0131na kar\u015f\u0131l\u0131k verdi.<\/p>\n","protected":false},"author":1,"featured_media":47244,"comment_status":"open","ping_status":"open","sticky":false,"template":"","format":"standard","meta":{"footnotes":""},"categories":[25],"tags":[877,2118,3612,49,1623],"class_list":["post-47243","post","type-post","status-publish","format-standard","has-post-thumbnail","hentry","category-futbol","tag-adi","tag-arda-turan","tag-ettigi","tag-oyuncu","tag-yaptigi"],"_links":{"self":[{"href":"https:\/\/haberbesiktas.tr\/index.php?rest_route=\/wp\/v2\/posts\/47243","targetHints":{"allow":["GET"]}}],"collection":[{"href":"https:\/\/haberbesiktas.tr\/index.php?rest_route=\/wp\/v2\/posts"}],"about":[{"href":"https:\/\/haberbesiktas.tr\/index.php?rest_route=\/wp\/v2\/types\/post"}],"author":[{"embeddable":true,"href":"https:\/\/haberbesiktas.tr\/index.php?rest_route=\/wp\/v2\/users\/1"}],"replies":[{"embeddable":true,"href":"https:\/\/haberbesiktas.tr\/index.php?rest_route=%2Fwp%2Fv2%2Fcomments&post=47243"}],"version-history":[{"count":1,"href":"https:\/\/haberbesiktas.tr\/index.php?rest_route=\/wp\/v2\/posts\/47243\/revisions"}],"predecessor-version":[{"id":47245,"href":"https:\/\/haberbesiktas.tr\/index.php?rest_route=\/wp\/v2\/posts\/47243\/revisions\/47245"}],"wp:featuredmedia":[{"embeddable":true,"href":"https:\/\/haberbesiktas.tr\/index.php?rest_route=\/wp\/v2\/media\/47244"}],"wp:attachment":[{"href":"https:\/\/haberbesiktas.tr\/index.php?rest_route=%2Fwp%2Fv2%2Fmedia&parent=47243"}],"wp:term":[{"taxonomy":"category","embeddable":true,"href":"https:\/\/haberbesiktas.tr\/index.php?rest_route=%2Fwp%2Fv2%2Fcategories&post=47243"},{"taxonomy":"post_tag","embeddable":true,"href":"https:\/\/haberbesiktas.tr\/index.php?rest_route=%2Fwp%2Fv2%2Ftags&post=47243"}],"curies":[{"name":"wp","href":"https:\/\/api.w.org\/{rel}","templated":true}]}}