{"id":47246,"date":"2026-01-08T06:12:03","date_gmt":"2026-01-08T06:12:03","guid":{"rendered":"https:\/\/haberbesiktas.tr\/?p=47246"},"modified":"2026-01-08T06:12:03","modified_gmt":"2026-01-08T06:12:03","slug":"ergin-ataman-euroleague-veya-ligi-kazanamazsak-panathinaikostan-ayrilacagim","status":"publish","type":"post","link":"https:\/\/haberbesiktas.tr\/?p=47246","title":{"rendered":"Ergin Ataman: &#8220;EuroLeague veya ligi kazanamazsak Panathinaikos&#8217;tan ayr\u0131laca\u011f\u0131m!&#8221;"},"content":{"rendered":"<div>EuroLeague&#8217;in 20. hafta kar\u015f\u0131la\u015fmas\u0131nda Panathinaikos, d\u00fcn ak\u015fam alan\u0131nda konuk etti\u011fi Olimpia Milano&#8217;ya 87-74 ma\u011flup oldu.<\/p>\n<p> EuroLeague&#8217;de \u00fcst \u00fcste ikinci yenilginin gelmesi, Atina&#8217;da tenkit oklar\u0131n\u0131n oyunculara ve ko\u00e7 Ergin Ataman&#8217;a d\u00f6nmesine yol a\u00e7t\u0131.<\/p>\n<p> Ergin Ataman, yar\u0131n ak\u015fam (8 Ocak Per\u015fembe) oynayacaklar\u0131 Virtus Bologna ma\u00e7\u0131n\u0131n \u00f6ncesinde bas\u0131n mensuplar\u0131n\u0131n sorular\u0131n\u0131 yan\u0131tlad\u0131. <\/p>\n<p> Ko\u00e7 Ataman, d\u00f6nem sonu EuroLeague yahut Yunanistan Ligi&#8217;nde \u015fampiyonluk gelmezse &#8216;g\u00f6revi b\u0131rakaca\u011f\u0131n\u0131&#8217; s\u00f6yledi:<\/p>\n<p> <strong>&#8220;D\u00fcn ak\u015fam trib\u00fcnde birilerinin gruba ve ko\u00e7a olan inanc\u0131n\u0131 kaybetti\u011fini duydum. Bu t\u00fcrl\u00fc \u015feyler ola\u011fan, spor bu. Ge\u00e7mi\u015f, ge\u00e7mi\u015fte kalm\u0131\u015ft\u0131r. Hasebiyle \u00f6n\u00fcm\u00fcze bakmam\u0131z laz\u0131m. Yaln\u0131zca \u015funu s\u00f6ylemek istiyorum, oyuncular\u0131ma ve bu ekibe \u00e7ok g\u00fcveniyorum. O y\u00fczden k\u0131ymetli bir meydan okumaya daha at\u0131lmak istiyorum. Bildi\u011finiz \u00fczere kontrat\u0131mda bir sene daha var. Buna kar\u015f\u0131n d\u00f6nem sonunda EuroLeague yahut Yunanistan Ligi&#8217;ni kazanamazsak Atina&#8217;dan ayr\u0131laca\u011f\u0131m. Bu kadar.&#8221;\u00a0<\/strong>\u00a0<\/p>\n<\/div>\n","protected":false},"excerpt":{"rendered":"<p>Ergin Ataman, Panathinaikos&#8217;taki gelece\u011fi hakk\u0131nda \u00e7arp\u0131c\u0131 a\u00e7\u0131klamalarda bulundu.<\/p>\n","protected":false},"author":1,"featured_media":47247,"comment_status":"open","ping_status":"open","sticky":false,"template":"","format":"standard","meta":{"footnotes":""},"categories":[10],"tags":[],"class_list":["post-47246","post","type-post","status-publish","format-standard","has-post-thumbnail","hentry","category-basketbol"],"_links":{"self":[{"href":"https:\/\/haberbesiktas.tr\/index.php?rest_route=\/wp\/v2\/posts\/47246","targetHints":{"allow":["GET"]}}],"collection":[{"href":"https:\/\/haberbesiktas.tr\/index.php?rest_route=\/wp\/v2\/posts"}],"about":[{"href":"https:\/\/haberbesiktas.tr\/index.php?rest_route=\/wp\/v2\/types\/post"}],"author":[{"embeddable":true,"href":"https:\/\/haberbesiktas.tr\/index.php?rest_route=\/wp\/v2\/users\/1"}],"replies":[{"embeddable":true,"href":"https:\/\/haberbesiktas.tr\/index.php?rest_route=%2Fwp%2Fv2%2Fcomments&post=47246"}],"version-history":[{"count":1,"href":"https:\/\/haberbesiktas.tr\/index.php?rest_route=\/wp\/v2\/posts\/47246\/revisions"}],"predecessor-version":[{"id":47248,"href":"https:\/\/haberbesiktas.tr\/index.php?rest_route=\/wp\/v2\/posts\/47246\/revisions\/47248"}],"wp:featuredmedia":[{"embeddable":true,"href":"https:\/\/haberbesiktas.tr\/index.php?rest_route=\/wp\/v2\/media\/47247"}],"wp:attachment":[{"href":"https:\/\/haberbesiktas.tr\/index.php?rest_route=%2Fwp%2Fv2%2Fmedia&parent=47246"}],"wp:term":[{"taxonomy":"category","embeddable":true,"href":"https:\/\/haberbesiktas.tr\/index.php?rest_route=%2Fwp%2Fv2%2Fcategories&post=47246"},{"taxonomy":"post_tag","embeddable":true,"href":"https:\/\/haberbesiktas.tr\/index.php?rest_route=%2Fwp%2Fv2%2Ftags&post=47246"}],"curies":[{"name":"wp","href":"https:\/\/api.w.org\/{rel}","templated":true}]}}