{"id":47249,"date":"2026-01-08T06:24:04","date_gmt":"2026-01-08T06:24:04","guid":{"rendered":"https:\/\/haberbesiktas.tr\/?p=47249"},"modified":"2026-01-08T06:24:04","modified_gmt":"2026-01-08T06:24:04","slug":"gabriel-paulistadan-besiktasa-veda-mesaji","status":"publish","type":"post","link":"https:\/\/haberbesiktas.tr\/?p=47249","title":{"rendered":"Gabriel Paulista&#8217;dan Be\u015fikta\u015f&#8217;a veda mesaj\u0131!"},"content":{"rendered":"<div>\n<p>Ailevi m\u00fcnasebetler nedeniyle Be\u015fikta\u015f&#8217;tan ayr\u0131lan Brezilyal\u0131 futbolcu Gabriel Paulista, yay\u0131mlad\u0131\u011f\u0131 veda bildirisinde siyah-beyazl\u0131 kul\u00fcbe ve taraftarlara te\u015fekk\u00fcr etti.\u00a0<\/p>\n<p> ABD merkezli toplumsal medya platformu Instagram hesab\u0131ndan yaz\u0131l\u0131 bir a\u00e7\u0131klama yapan 35 ya\u015f\u0131ndaki stoper<strong>, &#8220;Bug\u00fcn, Be\u015fikta\u015f&#8217;a minnettar bir kalple veda ediyorum. Bu karar\u0131 vermek kolay de\u011fildi. Futbol her g\u00fcn tutku, ba\u011fl\u0131l\u0131k ve \u00f6zveridir, ancak aile her vakit \u00f6nceli\u011fim olacak. Brezilya&#8217;ya sevdiklerimle ilgilenmek i\u00e7in d\u00f6n\u00fcyorum, burada ya\u015fad\u0131\u011f\u0131m her \u015fey i\u00e7in sonsuz \u015f\u00fckranlar\u0131m\u0131 sunar\u0131m&#8221;<\/strong> tabirlerini kulland\u0131.<\/p>\n<p> A\u00e7\u0131klamas\u0131nda siyah-beyazl\u0131 kul\u00fcbe ve taraftarlara te\u015fekk\u00fcr eden Brezilyal\u0131 futbolcu, \u015funlar\u0131 kaydetti: <\/p>\n<p> <strong>&#8220;Her \u015feyin ger\u00e7ekle\u015fmesi i\u00e7in gece g\u00fcnd\u00fcz durmadan \u00e7al\u0131\u015fan kul\u00fcb\u00fcm\u00fcze, idare heyetine, liderimize, antren\u00f6r tak\u0131m\u0131na, perde gerisinde \u00e7al\u0131\u015fan t\u00fcm \u00e7al\u0131\u015fanlar\u0131m\u0131za te\u015fekk\u00fcr ederim. Be\u015fikta\u015f&#8217;\u0131 her g\u00fcn dev yapan sizsiniz. Grup arkada\u015flar\u0131m, sahay\u0131 sizlerle payla\u015fmak benim i\u00e7in bir onurdu. H\u00fcrmet, sadakat ve birlik her vakit vard\u0131. Taraftarlar\u0131m\u0131za, her andaki takviye, sevgi ve g\u00fc\u00e7 i\u00e7in i\u00e7ten te\u015fekk\u00fcr ederim. Bu formay\u0131 giymek sonsuza kadar benimle kalacak bir \u015fey. H\u00fcrmet, minnet ve g\u00f6n\u00fcl kap\u0131lar\u0131n\u0131 a\u00e7arak ayr\u0131l\u0131yorum. Be\u015fikta\u015f&#8217;\u0131n muvaffakiyetlerinin devam\u0131n\u0131 ve bu b\u00fcy\u00fck kul\u00fcb\u00fcn tarih yazmaya devam etmesini umuyorum. Her \u015fey i\u00e7in te\u015fekk\u00fcr ederim.&#8221;<\/strong><\/p>\n<p> <strong>PERFORMANSI<\/strong><\/p>\n<p> Be\u015fikta\u015f&#8217;\u0131n 2024-2025 d\u00f6nemi ba\u015f\u0131nda tak\u0131m\u0131na katt\u0131\u011f\u0131 Paulista, t\u00fcm kulvarlarda \u00e7\u0131kt\u0131\u011f\u0131 45 ma\u00e7ta bir gol kaydetti.<\/p>\n<\/div>\n","protected":false},"excerpt":{"rendered":"<p>Be\u015fikta\u015f&#8217;tan ailevi nedenlerle ayr\u0131lan Gabriel Paulista, yay\u0131mlad\u0131\u011f\u0131 veda iletisinde siyah-beyazl\u0131 kul\u00fcp ve taraftarlara te\u015fekk\u00fcr etti.<\/p>\n","protected":false},"author":1,"featured_media":47250,"comment_status":"open","ping_status":"open","sticky":false,"template":"","format":"standard","meta":{"footnotes":""},"categories":[25],"tags":[569],"class_list":["post-47249","post","type-post","status-publish","format-standard","has-post-thumbnail","hentry","category-futbol","tag-tesekkur"],"_links":{"self":[{"href":"https:\/\/haberbesiktas.tr\/index.php?rest_route=\/wp\/v2\/posts\/47249","targetHints":{"allow":["GET"]}}],"collection":[{"href":"https:\/\/haberbesiktas.tr\/index.php?rest_route=\/wp\/v2\/posts"}],"about":[{"href":"https:\/\/haberbesiktas.tr\/index.php?rest_route=\/wp\/v2\/types\/post"}],"author":[{"embeddable":true,"href":"https:\/\/haberbesiktas.tr\/index.php?rest_route=\/wp\/v2\/users\/1"}],"replies":[{"embeddable":true,"href":"https:\/\/haberbesiktas.tr\/index.php?rest_route=%2Fwp%2Fv2%2Fcomments&post=47249"}],"version-history":[{"count":1,"href":"https:\/\/haberbesiktas.tr\/index.php?rest_route=\/wp\/v2\/posts\/47249\/revisions"}],"predecessor-version":[{"id":47251,"href":"https:\/\/haberbesiktas.tr\/index.php?rest_route=\/wp\/v2\/posts\/47249\/revisions\/47251"}],"wp:featuredmedia":[{"embeddable":true,"href":"https:\/\/haberbesiktas.tr\/index.php?rest_route=\/wp\/v2\/media\/47250"}],"wp:attachment":[{"href":"https:\/\/haberbesiktas.tr\/index.php?rest_route=%2Fwp%2Fv2%2Fmedia&parent=47249"}],"wp:term":[{"taxonomy":"category","embeddable":true,"href":"https:\/\/haberbesiktas.tr\/index.php?rest_route=%2Fwp%2Fv2%2Fcategories&post=47249"},{"taxonomy":"post_tag","embeddable":true,"href":"https:\/\/haberbesiktas.tr\/index.php?rest_route=%2Fwp%2Fv2%2Ftags&post=47249"}],"curies":[{"name":"wp","href":"https:\/\/api.w.org\/{rel}","templated":true}]}}