{"id":47333,"date":"2026-01-08T11:36:05","date_gmt":"2026-01-08T11:36:05","guid":{"rendered":"https:\/\/haberbesiktas.tr\/?p=47333"},"modified":"2026-01-08T11:36:05","modified_gmt":"2026-01-08T11:36:05","slug":"inter-parma-karsisinda-hata-yapmadi","status":"publish","type":"post","link":"https:\/\/haberbesiktas.tr\/?p=47333","title":{"rendered":"Inter, Parma kar\u015f\u0131s\u0131nda hata yapmad\u0131"},"content":{"rendered":"<div>\u0130talya Serie A&#8217;n\u0131n 18. hafta \u00e7abas\u0131nda Inter, deplasmanda Parma ile kar\u015f\u0131la\u015ft\u0131.<\/p>\n<p> Ennio Tardini Stad\u0131&#8217;nda oynanan m\u00fcsabakada alandan 2-0&#8217;l\u0131k galibiyetle ayr\u0131lan siyah-mavililer, kritik bir deplasman zaferine imza att\u0131.<\/p>\n<p> Inter&#8217;e galibiyeti getiren golleri 42. dakikada <strong>Federico Dimarco<\/strong> ve uzatma dakikalar\u0131nda (90+8) <strong>Marcus Thuram<\/strong> kaydetti. Ma\u00e7\u0131n b\u00fcy\u00fck k\u0131sm\u0131nda oyunun denetimini elinde tutan konuk grup, skor \u00fcst\u00fcnl\u00fc\u011f\u00fcn\u00fc son ana kadar muhafazay\u0131 ba\u015fard\u0131. <\/p>\n<p> <strong>HAKAN \u00c7ALHANO\u011eLU 69 DAK\u0130KA<\/strong><\/p>\n<p> Inter&#8217;de forma giyen ulusal futbolcumuz Hakan \u00c7alhano\u011flu u\u011fra\u015fa birinci 11&#8217;de ba\u015flad\u0131 ve 69 dakika alanda kald\u0131.<\/p>\n<p> Bu sonu\u00e7la birlikte \u00fcste \u00fcste 6. galibiyetini alan Inter puan\u0131n\u0131 42&#8217;ye y\u00fckselterek doruktaki yerini sa\u011flamla\u015ft\u0131rd\u0131. Parma ise 18 puanda kald\u0131.<\/p>\n<p> Serie A&#8217;n\u0131n 19. haftas\u0131nda Inter, Napoli&#8217;yi konuk edecek. Parma ise deplasmanda Lecce ile kar\u015f\u0131 kar\u015f\u0131ya gelecek.\u00a0<\/p>\n<\/div>\n","protected":false},"excerpt":{"rendered":"<p>\u0130talya Serie A&#8217;da \u015fampiyonluk yar\u0131\u015f\u0131n\u0131 s\u00fcrd\u00fcren Inter, Parma&#8217;y\u0131 deplasmanda 2-0 ma\u011flup ederek tepedeki yerini korudu.<\/p>\n","protected":false},"author":1,"featured_media":47334,"comment_status":"open","ping_status":"open","sticky":false,"template":"","format":"standard","meta":{"footnotes":""},"categories":[25],"tags":[622],"class_list":["post-47333","post","type-post","status-publish","format-standard","has-post-thumbnail","hentry","category-futbol","tag-inter"],"_links":{"self":[{"href":"https:\/\/haberbesiktas.tr\/index.php?rest_route=\/wp\/v2\/posts\/47333","targetHints":{"allow":["GET"]}}],"collection":[{"href":"https:\/\/haberbesiktas.tr\/index.php?rest_route=\/wp\/v2\/posts"}],"about":[{"href":"https:\/\/haberbesiktas.tr\/index.php?rest_route=\/wp\/v2\/types\/post"}],"author":[{"embeddable":true,"href":"https:\/\/haberbesiktas.tr\/index.php?rest_route=\/wp\/v2\/users\/1"}],"replies":[{"embeddable":true,"href":"https:\/\/haberbesiktas.tr\/index.php?rest_route=%2Fwp%2Fv2%2Fcomments&post=47333"}],"version-history":[{"count":1,"href":"https:\/\/haberbesiktas.tr\/index.php?rest_route=\/wp\/v2\/posts\/47333\/revisions"}],"predecessor-version":[{"id":47335,"href":"https:\/\/haberbesiktas.tr\/index.php?rest_route=\/wp\/v2\/posts\/47333\/revisions\/47335"}],"wp:featuredmedia":[{"embeddable":true,"href":"https:\/\/haberbesiktas.tr\/index.php?rest_route=\/wp\/v2\/media\/47334"}],"wp:attachment":[{"href":"https:\/\/haberbesiktas.tr\/index.php?rest_route=%2Fwp%2Fv2%2Fmedia&parent=47333"}],"wp:term":[{"taxonomy":"category","embeddable":true,"href":"https:\/\/haberbesiktas.tr\/index.php?rest_route=%2Fwp%2Fv2%2Fcategories&post=47333"},{"taxonomy":"post_tag","embeddable":true,"href":"https:\/\/haberbesiktas.tr\/index.php?rest_route=%2Fwp%2Fv2%2Ftags&post=47333"}],"curies":[{"name":"wp","href":"https:\/\/api.w.org\/{rel}","templated":true}]}}