{"id":47483,"date":"2026-01-08T21:48:05","date_gmt":"2026-01-08T21:48:05","guid":{"rendered":"https:\/\/haberbesiktas.tr\/?p=47483"},"modified":"2026-01-08T21:48:05","modified_gmt":"2026-01-08T21:48:05","slug":"afrika-uluslar-kupasinda-ceyrek-final-heyecani","status":"publish","type":"post","link":"https:\/\/haberbesiktas.tr\/?p=47483","title":{"rendered":"Afrika Uluslar Kupas\u0131&#8217;nda \u00e7eyrek final heyecan\u0131"},"content":{"rendered":"<div>Afrika Uluslar Kupas\u0131&#8217;nda (AFCON 2025) \u00e7eyrek final heyecan\u0131 cuma g\u00fcn\u00fc ba\u015flayacak.<\/p>\n<p> Afrika Futbol Konfederasyonu taraf\u0131ndan Fas&#8217;\u0131n konut sahipli\u011finde d\u00fczenlenen turnuvan\u0131n \u00e7eyrek final kar\u015f\u0131la\u015fmal\u0131, cuma ve 10 Ocak Cumartesi g\u00fcn\u00fc oynanacak.<\/p>\n<p> Rakiplerini eleyen gruplar, isimlerini yar\u0131 finale yazd\u0131racak.<\/p>\n<p> <strong>Kupada \u00e7eyrek final ma\u00e7lar\u0131n\u0131n program\u0131 (TS\u0130) \u015f\u00f6yle:<\/strong><\/p>\n<p> <strong>Cuma:<\/strong><\/p>\n<p> 19.00 Mali-Senegal<\/p>\n<p> 22.00 Kamerun-Fas<\/p>\n<p> <strong>Cumartesi:<\/strong><\/p>\n<p> 19.00 Cezayir-Nijerya<\/p>\n<p> 22.00 M\u0131s\u0131r-Fildi\u015fi Sahili<\/p>\n<\/div>\n","protected":false},"excerpt":{"rendered":"<p>Afrika Uluslar Kupas\u0131&#8217;nda \u00e7eyrek final ma\u00e7lar\u0131 cuma g\u00fcn\u00fc ba\u015flayacak.<\/p>\n","protected":false},"author":1,"featured_media":47484,"comment_status":"open","ping_status":"open","sticky":false,"template":"","format":"standard","meta":{"footnotes":""},"categories":[25],"tags":[3562],"class_list":["post-47483","post","type-post","status-publish","format-standard","has-post-thumbnail","hentry","category-futbol","tag-cuma"],"_links":{"self":[{"href":"https:\/\/haberbesiktas.tr\/index.php?rest_route=\/wp\/v2\/posts\/47483","targetHints":{"allow":["GET"]}}],"collection":[{"href":"https:\/\/haberbesiktas.tr\/index.php?rest_route=\/wp\/v2\/posts"}],"about":[{"href":"https:\/\/haberbesiktas.tr\/index.php?rest_route=\/wp\/v2\/types\/post"}],"author":[{"embeddable":true,"href":"https:\/\/haberbesiktas.tr\/index.php?rest_route=\/wp\/v2\/users\/1"}],"replies":[{"embeddable":true,"href":"https:\/\/haberbesiktas.tr\/index.php?rest_route=%2Fwp%2Fv2%2Fcomments&post=47483"}],"version-history":[{"count":1,"href":"https:\/\/haberbesiktas.tr\/index.php?rest_route=\/wp\/v2\/posts\/47483\/revisions"}],"predecessor-version":[{"id":47485,"href":"https:\/\/haberbesiktas.tr\/index.php?rest_route=\/wp\/v2\/posts\/47483\/revisions\/47485"}],"wp:featuredmedia":[{"embeddable":true,"href":"https:\/\/haberbesiktas.tr\/index.php?rest_route=\/wp\/v2\/media\/47484"}],"wp:attachment":[{"href":"https:\/\/haberbesiktas.tr\/index.php?rest_route=%2Fwp%2Fv2%2Fmedia&parent=47483"}],"wp:term":[{"taxonomy":"category","embeddable":true,"href":"https:\/\/haberbesiktas.tr\/index.php?rest_route=%2Fwp%2Fv2%2Fcategories&post=47483"},{"taxonomy":"post_tag","embeddable":true,"href":"https:\/\/haberbesiktas.tr\/index.php?rest_route=%2Fwp%2Fv2%2Ftags&post=47483"}],"curies":[{"name":"wp","href":"https:\/\/api.w.org\/{rel}","templated":true}]}}