{"id":47486,"date":"2026-01-08T22:00:04","date_gmt":"2026-01-08T22:00:04","guid":{"rendered":"https:\/\/haberbesiktas.tr\/?p=47486"},"modified":"2026-01-08T22:00:04","modified_gmt":"2026-01-08T22:00:04","slug":"galatasarayda-transfer-icin-kritik-rapor-yener-ince","status":"publish","type":"post","link":"https:\/\/haberbesiktas.tr\/?p=47486","title":{"rendered":"Galatasaray&#8217;da transfer i\u00e7in kritik rapor: Yener \u0130nce"},"content":{"rendered":"<div>Galatasaray Pape Gueye transferinde ilerleme sa\u011flayamazsa Monaco&#8217;dan Denis Zakaria ile g\u00f6r\u00fc\u015fecek.<\/p>\n<p> Bu transferde de Aslan&#8217;\u0131 zorlayan oyuncunun sakatl\u0131k ge\u00e7mi\u015finin kabar\u0131k olmas\u0131&#8230;<\/p>\n<p> Galatasaray transfer yaparken kul\u00fcp tabibi Yener \u0130nce&#8217;nin raporlar\u0131na b\u00fcy\u00fck k\u0131ymet veriyor.<\/p>\n<p> \u0130nce&#8217;nin olumsuz g\u00f6r\u00fc\u015f bildirmesi halinde ko\u015fullar\u0131 g\u00fczel olsa da 29 ya\u015f\u0131ndaki futbolcu listeden \u00e7\u0131kar\u0131lacak.<\/p>\n<p> <span><strong>GALATASARAY MA\u00c7INDA FEVKALADE OYNADI<\/strong><\/span><\/p>\n<p> Monaco formas\u0131yla Galatasaray&#8217;a kar\u015f\u0131 oynad\u0131\u011f\u0131 ma\u00e7ta da fevkalade bir diren\u00e7 g\u00f6steren 1.90&#8217;l\u0131k \u00f6n libero, transfer listesindeki de\u011ferli isimlerden biri&#8230;<\/p>\n<\/div>\n","protected":false},"excerpt":{"rendered":"<p>Galatasaray,  Pape Matar Sarr transferinde ilerleme kat edemezse rotas\u0131n\u0131 Denis Zakaria&#8217;ya \u00e7evirecek.<\/p>\n","protected":false},"author":1,"featured_media":47487,"comment_status":"open","ping_status":"open","sticky":false,"template":"","format":"standard","meta":{"footnotes":""},"categories":[25],"tags":[],"class_list":["post-47486","post","type-post","status-publish","format-standard","has-post-thumbnail","hentry","category-futbol"],"_links":{"self":[{"href":"https:\/\/haberbesiktas.tr\/index.php?rest_route=\/wp\/v2\/posts\/47486","targetHints":{"allow":["GET"]}}],"collection":[{"href":"https:\/\/haberbesiktas.tr\/index.php?rest_route=\/wp\/v2\/posts"}],"about":[{"href":"https:\/\/haberbesiktas.tr\/index.php?rest_route=\/wp\/v2\/types\/post"}],"author":[{"embeddable":true,"href":"https:\/\/haberbesiktas.tr\/index.php?rest_route=\/wp\/v2\/users\/1"}],"replies":[{"embeddable":true,"href":"https:\/\/haberbesiktas.tr\/index.php?rest_route=%2Fwp%2Fv2%2Fcomments&post=47486"}],"version-history":[{"count":1,"href":"https:\/\/haberbesiktas.tr\/index.php?rest_route=\/wp\/v2\/posts\/47486\/revisions"}],"predecessor-version":[{"id":47488,"href":"https:\/\/haberbesiktas.tr\/index.php?rest_route=\/wp\/v2\/posts\/47486\/revisions\/47488"}],"wp:featuredmedia":[{"embeddable":true,"href":"https:\/\/haberbesiktas.tr\/index.php?rest_route=\/wp\/v2\/media\/47487"}],"wp:attachment":[{"href":"https:\/\/haberbesiktas.tr\/index.php?rest_route=%2Fwp%2Fv2%2Fmedia&parent=47486"}],"wp:term":[{"taxonomy":"category","embeddable":true,"href":"https:\/\/haberbesiktas.tr\/index.php?rest_route=%2Fwp%2Fv2%2Fcategories&post=47486"},{"taxonomy":"post_tag","embeddable":true,"href":"https:\/\/haberbesiktas.tr\/index.php?rest_route=%2Fwp%2Fv2%2Ftags&post=47486"}],"curies":[{"name":"wp","href":"https:\/\/api.w.org\/{rel}","templated":true}]}}