{"id":47495,"date":"2026-01-08T22:36:04","date_gmt":"2026-01-08T22:36:04","guid":{"rendered":"https:\/\/haberbesiktas.tr\/?p=47495"},"modified":"2026-01-08T22:36:04","modified_gmt":"2026-01-08T22:36:04","slug":"huseyin-maldarin-hayali-sampiyonluk-ve-avrupa","status":"publish","type":"post","link":"https:\/\/haberbesiktas.tr\/?p=47495","title":{"rendered":"H\u00fcseyin Maldar&#8217;\u0131n hayali \u015fampiyonluk ve Avrupa"},"content":{"rendered":"<div>Trendyol 1. Lig tak\u0131mlar\u0131ndan Atko K\u00fcme Pendikspor&#8217;un formas\u0131n\u0131 giyen sa\u011f kanat oyuncusu H\u00fcseyin Maldar, ligde \u015fampiyonlu\u011fu hedeflediklerini s\u00f6yledi.<\/p>\n<p> Gen\u00e7 oyuncu, d\u00f6nemin ikinci yar\u0131s\u0131 \u00f6ncesinde Belek&#8217;te AA muhabirine a\u00e7\u0131klamalarda bulundu.<\/p>\n<p> Devre ortas\u0131 kamp\u0131yla ilgili konu\u015fan 18 ya\u015f\u0131ndaki futbolcu, &#8220;Haz\u0131rl\u0131klar\u0131m\u0131za en \u00e2l\u00e2 formda devam ediyoruz. Kamp \u00e7ok yorucu \u015fu an lakin bu s\u00fcreci d\u00fczg\u00fcn ge\u00e7irip ikinci devre rahat bir formda ilerlemek istiyoruz.&#8221; tabirlerini kulland\u0131. <\/p>\n<p> Bu d\u00f6nem 3 gole imza atan gen\u00e7 oyuncu, konu\u015fmas\u0131na \u015fu s\u00f6zlerle devam etti:<\/p>\n<p> &#8220;Biz de herkes \u00fczere \u015fampiyon olmak istiyoruz. Ferdi ama\u00e7lar\u0131ma gelirsek de Pendik&#8217;te ekibime en \u00e2l\u00e2 halde katk\u0131 vermek istiyorum. \u0130lerleyen s\u00fcre\u00e7te de menajerim ve hocalar\u0131m bana en d\u00fczg\u00fcn rotay\u0131 \u00e7izecektir. Hedeflerim var ve bu maksatlar do\u011frultusunda ilerliyorum. Pendikspor&#8217;da bu t\u00fcrl\u00fc ba\u015flayaca\u011f\u0131m\u0131 ben de d\u00fc\u015f\u00fcnmemi\u015ftim ancak U\u011fur hocam bana g\u00fcvendi. \u0130dmanlarda elimden geleni yapt\u0131m. Bundan sonra da daha d\u00fczg\u00fcn\u00fcn\u00fc yaparak devam etmek istiyorum.&#8221;<\/p>\n<p> <strong>&#8211; &#8220;Hedefim Avrupa&#8217;da oynamak&#8221;<\/strong><\/p>\n<p> H\u00fcseyin Maldar, Avrupa&#8217;da forma giymeyi hedefledi\u011fini ve bunun i\u00e7in \u00e7ok \u00e7al\u0131\u015fmas\u0131 gerekti\u011fini lisana getirdi.<\/p>\n<p> K\u0131rm\u0131z\u0131-beyazl\u0131 futbolcu, mesle\u011fiyle ilgili \u015funlar\u0131 kaydetti:<\/p>\n<p> &#8220;Her gen\u00e7 futbolcunun oldu\u011fu \u00fczere benim de hayallerim var. Avrupa&#8217;da oynamak istiyorum. Bunun i\u00e7in \u00e7ok \u00e7al\u0131\u015fmal\u0131y\u0131m ve \u00e7al\u0131\u015fmaya devam edece\u011fim. \u0130n\u015fallah oralar\u0131 g\u00f6rece\u011fime inan\u0131yorum.&#8221;<\/p>\n<p> \u00c7ocuk ya\u015ftan beri Cristiano Ronaldo hayran\u0131 oldu\u011funu a\u00e7\u0131klayan H\u00fcseyin Maldar, Portekizli oyuncunun hayat\u0131n\u0131 \u00f6rnek ald\u0131\u011f\u0131n\u0131 aktard\u0131.<\/p>\n<p> <strong>&#8211; &#8220;Arda Turan, \u00e7ok b\u00fcy\u00fck bir teknik adam&#8221;<\/strong><\/p>\n<p> Gen\u00e7 futbolcu, Ey\u00fcpspor&#8217;dan eski teknik y\u00f6neticisi Arda Turan&#8217;la ilgili \u00f6vg\u00fc dolu kelamlar kulland\u0131.<\/p>\n<p> Arda Turan&#8217;\u0131n kendisine \u00e7ok yard\u0131mc\u0131 oldu\u011funu vurgulayan H\u00fcseyin Maldar, &#8220;Arda Turan bir teknik adamdan \u00e7ok \u00e7ok uygun bir insan. Gen\u00e7 oyunculara Ey\u00fcpspor&#8217;da \u00e7ok yard\u0131mc\u0131 oluyordu. Hocal\u0131\u011f\u0131na bir \u015fey diyemem, asl\u0131nda \u00e7ok b\u00fcy\u00fck bir hoca. \u0130n\u015fallah yolu a\u00e7\u0131k olur, en g\u00fczel yerlere gelir. Bu s\u00fcre\u00e7te yard\u0131m\u0131 dokundu\u011fu i\u00e7in \u00e7ok te\u015fekk\u00fcr ediyorum.&#8221; halinde g\u00f6r\u00fc\u015f belirtti.<\/p>\n<p> Pendikspor Teknik Y\u00f6neticisi U\u011fur U\u00e7ar ile irtibatlar\u0131n\u0131n \u00e7ok yeterli oldu\u011funun alt\u0131n\u0131 \u00e7izen sa\u011f kanat oyuncusu, &#8220;U\u011fur hocayla Ey\u00fcpspor&#8217;da da a\u011fabey-karde\u015f \u00fczereydik. Daima yan\u0131ma gelip konu\u015furdu. Burda da \u00e7ok yard\u0131mc\u0131 oldu. Bana \u00e7ok g\u00fcveniyor. Ben de inanc\u0131n\u0131 bo\u015fa \u00e7\u0131karmamak i\u00e7in elimden geleni yap\u0131yorum. Bu alakay\u0131 s\u00fcrd\u00fcrece\u011fimize inan\u0131yorum. \u0130kinci devre umar\u0131m daha yeterli olur.&#8221; diyerek kelamlar\u0131n\u0131 tamamlad\u0131.<\/p>\n<\/div>\n","protected":false},"excerpt":{"rendered":"<p>Pendikspor formas\u0131 giyen H\u00fcseyin Maldar, \u015fampiyonluk ya\u015famak istedi\u011fini s\u00f6yledi. Maldar, hayalinin Avrupa&#8217;da oynamak oldu\u011funu s\u00f6yledi.<\/p>\n","protected":false},"author":1,"featured_media":47496,"comment_status":"open","ping_status":"open","sticky":false,"template":"","format":"standard","meta":{"footnotes":""},"categories":[25],"tags":[334],"class_list":["post-47495","post","type-post","status-publish","format-standard","has-post-thumbnail","hentry","category-futbol","tag-genc"],"_links":{"self":[{"href":"https:\/\/haberbesiktas.tr\/index.php?rest_route=\/wp\/v2\/posts\/47495","targetHints":{"allow":["GET"]}}],"collection":[{"href":"https:\/\/haberbesiktas.tr\/index.php?rest_route=\/wp\/v2\/posts"}],"about":[{"href":"https:\/\/haberbesiktas.tr\/index.php?rest_route=\/wp\/v2\/types\/post"}],"author":[{"embeddable":true,"href":"https:\/\/haberbesiktas.tr\/index.php?rest_route=\/wp\/v2\/users\/1"}],"replies":[{"embeddable":true,"href":"https:\/\/haberbesiktas.tr\/index.php?rest_route=%2Fwp%2Fv2%2Fcomments&post=47495"}],"version-history":[{"count":1,"href":"https:\/\/haberbesiktas.tr\/index.php?rest_route=\/wp\/v2\/posts\/47495\/revisions"}],"predecessor-version":[{"id":47497,"href":"https:\/\/haberbesiktas.tr\/index.php?rest_route=\/wp\/v2\/posts\/47495\/revisions\/47497"}],"wp:featuredmedia":[{"embeddable":true,"href":"https:\/\/haberbesiktas.tr\/index.php?rest_route=\/wp\/v2\/media\/47496"}],"wp:attachment":[{"href":"https:\/\/haberbesiktas.tr\/index.php?rest_route=%2Fwp%2Fv2%2Fmedia&parent=47495"}],"wp:term":[{"taxonomy":"category","embeddable":true,"href":"https:\/\/haberbesiktas.tr\/index.php?rest_route=%2Fwp%2Fv2%2Fcategories&post=47495"},{"taxonomy":"post_tag","embeddable":true,"href":"https:\/\/haberbesiktas.tr\/index.php?rest_route=%2Fwp%2Fv2%2Ftags&post=47495"}],"curies":[{"name":"wp","href":"https:\/\/api.w.org\/{rel}","templated":true}]}}