{"id":47498,"date":"2026-01-08T22:48:04","date_gmt":"2026-01-08T22:48:04","guid":{"rendered":"https:\/\/haberbesiktas.tr\/?p=47498"},"modified":"2026-01-08T22:48:04","modified_gmt":"2026-01-08T22:48:04","slug":"anadolu-efes-milan-deplasmaninda","status":"publish","type":"post","link":"https:\/\/haberbesiktas.tr\/?p=47498","title":{"rendered":"Anadolu Efes, Milan deplasman\u0131nda"},"content":{"rendered":"<div>Anadolu Efes Basketbol Ekibi, EuroLeague&#8217;nin 21. haftas\u0131nda cuma g\u00fcn\u00fc deplasmanda \u0130talya temsilcisi EA7 Emporio Armani ile kar\u015f\u0131la\u015facak.<\/p>\n<p> Allianz Cloud&#8217;da oynanacak kar\u015f\u0131la\u015fma, TS\u0130 22.30&#8217;da ba\u015flayacak. M\u00fcsabaka S Sport&#8217;tan canl\u0131 yay\u0131nlanacak.<\/p>\n<p> Ligin geride kalan k\u0131sm\u0131nda 6 galibiyet ve 14 yenilgi ya\u015fayan lacivert-beyazl\u0131 kadro, 18. s\u0131rada yer al\u0131yor. Anadolu Efes, ligde oynad\u0131\u011f\u0131 son 4 u\u011fra\u015ftan yenilgiyle ayr\u0131ld\u0131.<\/p>\n<p> \u0130talyan tak\u0131m\u0131 ise 10&#8217;ar galibiyet ve ma\u011flubiyetle 12. basamakta bulunuyor.<\/p>\n<\/div>\n","protected":false},"excerpt":{"rendered":"<p>Anadolu Efes, EuroLeague&#8217;de cuma g\u00fcn\u00fc EA7 Emporio Armani&#8217;nin konu\u011fu olacak.<\/p>\n","protected":false},"author":1,"featured_media":47499,"comment_status":"open","ping_status":"open","sticky":false,"template":"","format":"standard","meta":{"footnotes":""},"categories":[10],"tags":[],"class_list":["post-47498","post","type-post","status-publish","format-standard","has-post-thumbnail","hentry","category-basketbol"],"_links":{"self":[{"href":"https:\/\/haberbesiktas.tr\/index.php?rest_route=\/wp\/v2\/posts\/47498","targetHints":{"allow":["GET"]}}],"collection":[{"href":"https:\/\/haberbesiktas.tr\/index.php?rest_route=\/wp\/v2\/posts"}],"about":[{"href":"https:\/\/haberbesiktas.tr\/index.php?rest_route=\/wp\/v2\/types\/post"}],"author":[{"embeddable":true,"href":"https:\/\/haberbesiktas.tr\/index.php?rest_route=\/wp\/v2\/users\/1"}],"replies":[{"embeddable":true,"href":"https:\/\/haberbesiktas.tr\/index.php?rest_route=%2Fwp%2Fv2%2Fcomments&post=47498"}],"version-history":[{"count":1,"href":"https:\/\/haberbesiktas.tr\/index.php?rest_route=\/wp\/v2\/posts\/47498\/revisions"}],"predecessor-version":[{"id":47500,"href":"https:\/\/haberbesiktas.tr\/index.php?rest_route=\/wp\/v2\/posts\/47498\/revisions\/47500"}],"wp:featuredmedia":[{"embeddable":true,"href":"https:\/\/haberbesiktas.tr\/index.php?rest_route=\/wp\/v2\/media\/47499"}],"wp:attachment":[{"href":"https:\/\/haberbesiktas.tr\/index.php?rest_route=%2Fwp%2Fv2%2Fmedia&parent=47498"}],"wp:term":[{"taxonomy":"category","embeddable":true,"href":"https:\/\/haberbesiktas.tr\/index.php?rest_route=%2Fwp%2Fv2%2Fcategories&post=47498"},{"taxonomy":"post_tag","embeddable":true,"href":"https:\/\/haberbesiktas.tr\/index.php?rest_route=%2Fwp%2Fv2%2Ftags&post=47498"}],"curies":[{"name":"wp","href":"https:\/\/api.w.org\/{rel}","templated":true}]}}