{"id":47504,"date":"2026-01-08T23:12:06","date_gmt":"2026-01-08T23:12:06","guid":{"rendered":"https:\/\/haberbesiktas.tr\/?p=47504"},"modified":"2026-01-08T23:12:06","modified_gmt":"2026-01-08T23:12:06","slug":"fenerbahceden-guendouzi-icin-aciklama","status":"publish","type":"post","link":"https:\/\/haberbesiktas.tr\/?p=47504","title":{"rendered":"Fenerbah\u00e7e&#8217;den Guendouzi i\u00e7in a\u00e7\u0131klama"},"content":{"rendered":"<div>\n<p><span>Trendyol S\u00fcper Lig&#8217;de orta transfer \u00e7al\u0131\u015fmalar\u0131n\u0131 s\u00fcrd\u00fcren Fenerbah\u00e7e, Anthony Musaba&#8217;n\u0131n akabinde Matteo Guendouzi i\u00e7in resmi a\u00e7\u0131klama yapt\u0131.<\/p>\n<p><strong>26 ya\u015f\u0131ndaki futbolcu, Fenerbah\u00e7e i\u00e7in bug\u00fcn \u00f6\u011flen saatlerinde \u0130stanbul&#8217;da olacak.\u00a0 Frans\u0131z isim, 13:30-14:00 sular\u0131nda \u0130stanbul&#8217;da olacak.<\/strong><\/span><\/p>\n<p> <strong>FENERBAH\u00c7E&#8217;DEN A\u00c7IKLAMA<\/strong><\/p>\n<p> Sar\u0131-lacivertli kul\u00fcpten yap\u0131lan a\u00e7\u0131klamada &#8220;<strong>Kul\u00fcb\u00fcm\u00fcz, Fransa Ulusal Ekibi oyuncusu Matt\u00e9o Guendouzi&#8217;nin transferi konusunda, oyuncunun kul\u00fcb\u00fc ve kendisiyle g\u00f6r\u00fc\u015fmelerini s\u00fcrd\u00fcrmektedir.<\/strong> <\/p>\n<p> <strong>Bu kapsamda, transfer g\u00f6r\u00fc\u015fmelerini ilerletmek ve s\u0131hhat denetimlerini ger\u00e7ekle\u015ftirmek \u00fczere oyuncu \u0130stanbul&#8217;a davet edilmi\u015ftir. Kamuoyunun bilgisine sunar\u0131z<\/strong>.&#8221; denildi.<\/p>\n<p> <strong>4.5+1 YILLIK ANLA\u015eMA<\/p>\n<p><\/strong>Taraflar, Guendouzi&#8217;nin transferi i\u00e7in bonuslarla birlikte toplam 30 milyon euro kar\u015f\u0131l\u0131\u011f\u0131nda el s\u0131k\u0131\u015ft\u0131. Edinilen bilgiye nazaran sar\u0131-lacivertliler, Matteo Guendouzi ile 4.5+1 y\u0131ll\u0131k kontrat konusunda mutabakata vard\u0131.<\/p>\n<p> <strong>KAR\u0130YER\u0130<\/strong><\/p>\n<p> Futbola Paris Saint Germain&#8217;in altyap\u0131s\u0131nda ba\u015flayan Matteo Guendouzi, sonras\u0131nda Lorient, Arsenal, Hertha Berlin, Marsilya ve Lazio formalar\u0131n\u0131 giydi.<\/p>\n<p> <strong>PERFORMANSI<\/strong><\/p>\n<p> Lazio&#8217;da bu d\u00f6nem 16 ma\u00e7a \u00e7\u0131kan 26 ya\u015f\u0131ndaki oyuncu, 2 gol ve 1 asist kaydetti.<\/p>\n<blockquote class=\"twitter-tweet\" data-width=\"500\" data-dnt=\"true\">\n<p lang=\"tr\" dir=\"ltr\">Fenerbah\u00e7e i\u00e7in yola \u00e7\u0131kt\u0131; Matteo Guendouzi\u2708\ufe0f <a href=\"https:\/\/t.co\/AsVP5U66eY\" rel=\"nofollow\">pic.twitter.com\/AsVP5U66eY<\/a><\/p>\n<p>&mdash; Sporx (@sporx) <a href=\"https:\/\/twitter.com\/sporx\/status\/2009181981955989562?ref_src=twsrc%5Etfw\" rel=\"nofollow noopener\" target=\"_blank\">January 8, 2026<\/a><\/p><\/blockquote>\n<p><script async src=\"https:\/\/platform.twitter.com\/widgets.js\" charset=\"utf-8\"><\/script><\/p>\n<\/div>\n","protected":false},"excerpt":{"rendered":"<p>Fenerbah\u00e7e&#8217;nin anla\u015ft\u0131\u011f\u0131 Matteo Guendouzi, \u0130stanbul&#8217;a gelmek i\u00e7in yola \u00e7\u0131kt\u0131.<\/p>\n","protected":false},"author":1,"featured_media":47506,"comment_status":"open","ping_status":"open","sticky":false,"template":"","format":"standard","meta":{"footnotes":""},"categories":[25],"tags":[3602],"class_list":["post-47504","post","type-post","status-publish","format-standard","has-post-thumbnail","hentry","category-futbol","tag-guendouzi"],"_links":{"self":[{"href":"https:\/\/haberbesiktas.tr\/index.php?rest_route=\/wp\/v2\/posts\/47504","targetHints":{"allow":["GET"]}}],"collection":[{"href":"https:\/\/haberbesiktas.tr\/index.php?rest_route=\/wp\/v2\/posts"}],"about":[{"href":"https:\/\/haberbesiktas.tr\/index.php?rest_route=\/wp\/v2\/types\/post"}],"author":[{"embeddable":true,"href":"https:\/\/haberbesiktas.tr\/index.php?rest_route=\/wp\/v2\/users\/1"}],"replies":[{"embeddable":true,"href":"https:\/\/haberbesiktas.tr\/index.php?rest_route=%2Fwp%2Fv2%2Fcomments&post=47504"}],"version-history":[{"count":1,"href":"https:\/\/haberbesiktas.tr\/index.php?rest_route=\/wp\/v2\/posts\/47504\/revisions"}],"predecessor-version":[{"id":47507,"href":"https:\/\/haberbesiktas.tr\/index.php?rest_route=\/wp\/v2\/posts\/47504\/revisions\/47507"}],"wp:featuredmedia":[{"embeddable":true,"href":"https:\/\/haberbesiktas.tr\/index.php?rest_route=\/wp\/v2\/media\/47506"}],"wp:attachment":[{"href":"https:\/\/haberbesiktas.tr\/index.php?rest_route=%2Fwp%2Fv2%2Fmedia&parent=47504"}],"wp:term":[{"taxonomy":"category","embeddable":true,"href":"https:\/\/haberbesiktas.tr\/index.php?rest_route=%2Fwp%2Fv2%2Fcategories&post=47504"},{"taxonomy":"post_tag","embeddable":true,"href":"https:\/\/haberbesiktas.tr\/index.php?rest_route=%2Fwp%2Fv2%2Ftags&post=47504"}],"curies":[{"name":"wp","href":"https:\/\/api.w.org\/{rel}","templated":true}]}}