{"id":47555,"date":"2026-01-09T02:24:03","date_gmt":"2026-01-09T02:24:03","guid":{"rendered":"https:\/\/haberbesiktas.tr\/?p=47555"},"modified":"2026-01-09T02:24:04","modified_gmt":"2026-01-09T02:24:04","slug":"ferdi-kadioglu-yukselisine-devam-ediyor","status":"publish","type":"post","link":"https:\/\/haberbesiktas.tr\/?p=47555","title":{"rendered":"Ferdi Kad\u0131o\u011flu, y\u00fckseli\u015fine devam ediyor!"},"content":{"rendered":"<div>Brighton&#8217;a ge\u00e7en d\u00f6nem transfer olan lakin sakatl\u0131\u011f\u0131 sonras\u0131 forma giyemeyen Ferdi Kad\u0131o\u011flu, bu d\u00f6nem ise kalitesini ortaya koyuyor.<\/p>\n<p> Sakatl\u0131ktan d\u00f6nd\u00fckten sonra teknik y\u00f6neticisi Fabian H\u00fcrzeler&#8217;in vazge\u00e7ilmezi olan Ferdi Kad\u0131o\u011flu, formuyla dikkat \u00e7ekiyor.<\/p>\n<p><strong>Y\u0130NE MA\u00c7IN OYUNCUSU<\/strong><\/p>\n<p> Ulusal futbolcu, son oynanan ve 1-1 sona eren Manchester City ma\u00e7\u0131n\u0131n oyuncusu se\u00e7ildi. Ferdi Kad\u0131o\u011flu, bu ma\u00e7la birlikte \u00fcst \u00fcste 3. (West Ham, Burnley, Manchester City) sefer ma\u00e7\u0131n oyuncusu \u00f6d\u00fcl\u00fcn\u00fcn sahibi olmay\u0131 ba\u015fard\u0131.<\/p>\n<p><strong>SEZON PERFORMANSI<\/strong><\/p>\n<p> Ferdi Kad\u0131o\u011flu, Brighton formas\u0131 alt\u0131nda bu d\u00f6nem toplamda 23 ma\u00e7ta m\u00fchlet buldu.<\/p>\n<\/div>\n","protected":false},"excerpt":{"rendered":"<p>Brighton formas\u0131 giyen ulusal futbolcu Ferdi Kad\u0131o\u011flu, \u00fcst \u00fcste 3 sefer ma\u00e7\u0131n oyuncusu \u00f6d\u00fcl\u00fcn\u00fcn sahibi oldu.<\/p>\n","protected":false},"author":1,"featured_media":47556,"comment_status":"open","ping_status":"open","sticky":false,"template":"","format":"standard","meta":{"footnotes":""},"categories":[25],"tags":[],"class_list":["post-47555","post","type-post","status-publish","format-standard","has-post-thumbnail","hentry","category-futbol"],"_links":{"self":[{"href":"https:\/\/haberbesiktas.tr\/index.php?rest_route=\/wp\/v2\/posts\/47555","targetHints":{"allow":["GET"]}}],"collection":[{"href":"https:\/\/haberbesiktas.tr\/index.php?rest_route=\/wp\/v2\/posts"}],"about":[{"href":"https:\/\/haberbesiktas.tr\/index.php?rest_route=\/wp\/v2\/types\/post"}],"author":[{"embeddable":true,"href":"https:\/\/haberbesiktas.tr\/index.php?rest_route=\/wp\/v2\/users\/1"}],"replies":[{"embeddable":true,"href":"https:\/\/haberbesiktas.tr\/index.php?rest_route=%2Fwp%2Fv2%2Fcomments&post=47555"}],"version-history":[{"count":1,"href":"https:\/\/haberbesiktas.tr\/index.php?rest_route=\/wp\/v2\/posts\/47555\/revisions"}],"predecessor-version":[{"id":47557,"href":"https:\/\/haberbesiktas.tr\/index.php?rest_route=\/wp\/v2\/posts\/47555\/revisions\/47557"}],"wp:featuredmedia":[{"embeddable":true,"href":"https:\/\/haberbesiktas.tr\/index.php?rest_route=\/wp\/v2\/media\/47556"}],"wp:attachment":[{"href":"https:\/\/haberbesiktas.tr\/index.php?rest_route=%2Fwp%2Fv2%2Fmedia&parent=47555"}],"wp:term":[{"taxonomy":"category","embeddable":true,"href":"https:\/\/haberbesiktas.tr\/index.php?rest_route=%2Fwp%2Fv2%2Fcategories&post=47555"},{"taxonomy":"post_tag","embeddable":true,"href":"https:\/\/haberbesiktas.tr\/index.php?rest_route=%2Fwp%2Fv2%2Ftags&post=47555"}],"curies":[{"name":"wp","href":"https:\/\/api.w.org\/{rel}","templated":true}]}}