{"id":47648,"date":"2026-01-09T07:48:04","date_gmt":"2026-01-09T07:48:04","guid":{"rendered":"https:\/\/haberbesiktas.tr\/?p=47648"},"modified":"2026-01-09T07:48:04","modified_gmt":"2026-01-09T07:48:04","slug":"ibrahim-haciosmanoglu-antalyasporu-ziyaret-etti","status":"publish","type":"post","link":"https:\/\/haberbesiktas.tr\/?p=47648","title":{"rendered":"\u0130brahim Hac\u0131osmano\u011flu, Antalyaspor&#8217;u ziyaret etti"},"content":{"rendered":"<div>\n<div>T\u00fcrkiye Futbol Federasyonu (TFF) Lideri \u0130brahim Ethem Hac\u0131osmano\u011flu, Antalyaspor y\u00f6netim kurulu \u00fcyeleriyle bir ortaya geldi.<\/div>\n<div>\u00a0<\/div>\n<div>Kul\u00fcpten yap\u0131lan a\u00e7\u0131klamaya g\u00f6re, TFF Ba\u015fkan\u0131 Hac\u0131osmano\u011flu, Atilla Vehbi Konuk Tesisleri&#8217;ni ziyaret etti.<\/div>\n<div>\u00a0<\/div>\n<div>Tesisleri gezen Hac\u0131osmano\u011flu&#8217;nun, A kadro \u00e7al\u0131\u015fma alanlar\u0131, altyap\u0131n\u0131n mevcut durumu ve kul\u00fcp b\u00fcnyesinde hayata ge\u00e7irilmesi planlanan projeler hakk\u0131nda Antalyaspor Ba\u015fkan\u0131 R\u0131za Per\u00e7in&#8217;den bilgi ald\u0131\u011f\u0131 kaydedildi.<\/div>\n<div>\u00a0<\/div>\n<div>Ard\u0131ndan ger\u00e7ekle\u015ftirilen toplant\u0131da ise, s\u00fcrd\u00fcr\u00fclebilir geli\u015fim maksatlar\u0131 ve gelece\u011fe y\u00f6nelik projeler \u00fczerine kar\u015f\u0131l\u0131kl\u0131 fikir al\u0131\u015fveri\u015finde bulunuldu\u011fu aktar\u0131ld\u0131.<\/div>\n<div>\u00a0<\/div>\n<div>Ziyarette, TFF Lider Vekilleri Mecnun Otyakmaz, Fuat G\u00f6kta\u015f ile Hesap.com Antalyaspor Teknik Y\u00f6neticisi Sami U\u011furlu ve Antalyaspor&#8217;un eski ba\u015fkan\u0131 Sinan Boztepe de yer ald\u0131.<\/div>\n<div>\u00a0<\/div>\n<div>Per\u00e7in&#8217;in, ziyaretlerinden dolay\u0131 TFF Ba\u015fkan\u0131 Hac\u0131osmano\u011flu ile beraberindeki heyete te\u015fekk\u00fcr etti\u011fi tabir edildi.<\/div>\n<\/p><\/div>\n","protected":false},"excerpt":{"rendered":"<p>T\u00fcrkiye Futbol Federasyonu (TFF) Lideri \u0130brahim Ethem Hac\u0131osmano\u011flu, Antalyaspor y\u00f6netim kurulu \u00fcyeleriyle bir ortaya geldi.<\/p>\n","protected":false},"author":1,"featured_media":47649,"comment_status":"open","ping_status":"open","sticky":false,"template":"","format":"standard","meta":{"footnotes":""},"categories":[25],"tags":[171],"class_list":["post-47648","post","type-post","status-publish","format-standard","has-post-thumbnail","hentry","category-futbol","tag-baskani"],"_links":{"self":[{"href":"https:\/\/haberbesiktas.tr\/index.php?rest_route=\/wp\/v2\/posts\/47648","targetHints":{"allow":["GET"]}}],"collection":[{"href":"https:\/\/haberbesiktas.tr\/index.php?rest_route=\/wp\/v2\/posts"}],"about":[{"href":"https:\/\/haberbesiktas.tr\/index.php?rest_route=\/wp\/v2\/types\/post"}],"author":[{"embeddable":true,"href":"https:\/\/haberbesiktas.tr\/index.php?rest_route=\/wp\/v2\/users\/1"}],"replies":[{"embeddable":true,"href":"https:\/\/haberbesiktas.tr\/index.php?rest_route=%2Fwp%2Fv2%2Fcomments&post=47648"}],"version-history":[{"count":1,"href":"https:\/\/haberbesiktas.tr\/index.php?rest_route=\/wp\/v2\/posts\/47648\/revisions"}],"predecessor-version":[{"id":47650,"href":"https:\/\/haberbesiktas.tr\/index.php?rest_route=\/wp\/v2\/posts\/47648\/revisions\/47650"}],"wp:featuredmedia":[{"embeddable":true,"href":"https:\/\/haberbesiktas.tr\/index.php?rest_route=\/wp\/v2\/media\/47649"}],"wp:attachment":[{"href":"https:\/\/haberbesiktas.tr\/index.php?rest_route=%2Fwp%2Fv2%2Fmedia&parent=47648"}],"wp:term":[{"taxonomy":"category","embeddable":true,"href":"https:\/\/haberbesiktas.tr\/index.php?rest_route=%2Fwp%2Fv2%2Fcategories&post=47648"},{"taxonomy":"post_tag","embeddable":true,"href":"https:\/\/haberbesiktas.tr\/index.php?rest_route=%2Fwp%2Fv2%2Ftags&post=47648"}],"curies":[{"name":"wp","href":"https:\/\/api.w.org\/{rel}","templated":true}]}}