{"id":47651,"date":"2026-01-09T08:00:05","date_gmt":"2026-01-09T08:00:05","guid":{"rendered":"https:\/\/haberbesiktas.tr\/?p=47651"},"modified":"2026-01-09T08:00:05","modified_gmt":"2026-01-09T08:00:05","slug":"goztepe-tibet-durakcayi-menemen-fkye-kiraladi","status":"publish","type":"post","link":"https:\/\/haberbesiktas.tr\/?p=47651","title":{"rendered":"G\u00f6ztepe, Tibet Durak\u00e7ay&#8217;\u0131 Menemen FK&#8217;ye kiralad\u0131"},"content":{"rendered":"<div>\n<div>Trendyol S\u00fcper Lig tak\u0131mlar\u0131ndan G\u00f6ztepe, 19 ya\u015f\u0131ndaki Tibet Durak\u00e7ay&#8217;\u0131n d\u00f6nem sonuna kadar 2. Lig tak\u0131mlar\u0131ndan Menemen FK&#8217;ya kiraland\u0131\u011f\u0131n\u0131 duyurdu.<\/div>\n<div>\u00a0<\/div>\n<div>Kul\u00fcb\u00fcn toplumsal medya hesab\u0131ndan yap\u0131lan a\u00e7\u0131klamada, &#8220;Oyuncumuz Tibet Durak\u00e7ay, d\u00f6nem sonuna kadar Menemen FK&#8217;ya kiralanm\u0131\u015ft\u0131r. Muvaffakiyetler Tibet.&#8221; tabirlerine yer verildi.<\/div>\n<\/p><\/div>\n","protected":false},"excerpt":{"rendered":"<p>Trendyol S\u00fcper Lig tak\u0131mlar\u0131ndan G\u00f6ztepe, 19 ya\u015f\u0131ndaki futbolcusu Tibet Durak\u00e7ay&#8217;\u0131 d\u00f6nem sonuna kadar 2. Lig grubu Menemen FK&#8217;ya kiralad\u0131\u011f\u0131n\u0131 a\u00e7\u0131klad\u0131.<\/p>\n","protected":false},"author":1,"featured_media":47652,"comment_status":"open","ping_status":"open","sticky":false,"template":"","format":"standard","meta":{"footnotes":""},"categories":[25],"tags":[],"class_list":["post-47651","post","type-post","status-publish","format-standard","has-post-thumbnail","hentry","category-futbol"],"_links":{"self":[{"href":"https:\/\/haberbesiktas.tr\/index.php?rest_route=\/wp\/v2\/posts\/47651","targetHints":{"allow":["GET"]}}],"collection":[{"href":"https:\/\/haberbesiktas.tr\/index.php?rest_route=\/wp\/v2\/posts"}],"about":[{"href":"https:\/\/haberbesiktas.tr\/index.php?rest_route=\/wp\/v2\/types\/post"}],"author":[{"embeddable":true,"href":"https:\/\/haberbesiktas.tr\/index.php?rest_route=\/wp\/v2\/users\/1"}],"replies":[{"embeddable":true,"href":"https:\/\/haberbesiktas.tr\/index.php?rest_route=%2Fwp%2Fv2%2Fcomments&post=47651"}],"version-history":[{"count":1,"href":"https:\/\/haberbesiktas.tr\/index.php?rest_route=\/wp\/v2\/posts\/47651\/revisions"}],"predecessor-version":[{"id":47653,"href":"https:\/\/haberbesiktas.tr\/index.php?rest_route=\/wp\/v2\/posts\/47651\/revisions\/47653"}],"wp:featuredmedia":[{"embeddable":true,"href":"https:\/\/haberbesiktas.tr\/index.php?rest_route=\/wp\/v2\/media\/47652"}],"wp:attachment":[{"href":"https:\/\/haberbesiktas.tr\/index.php?rest_route=%2Fwp%2Fv2%2Fmedia&parent=47651"}],"wp:term":[{"taxonomy":"category","embeddable":true,"href":"https:\/\/haberbesiktas.tr\/index.php?rest_route=%2Fwp%2Fv2%2Fcategories&post=47651"},{"taxonomy":"post_tag","embeddable":true,"href":"https:\/\/haberbesiktas.tr\/index.php?rest_route=%2Fwp%2Fv2%2Ftags&post=47651"}],"curies":[{"name":"wp","href":"https:\/\/api.w.org\/{rel}","templated":true}]}}