{"id":47654,"date":"2026-01-09T08:12:05","date_gmt":"2026-01-09T08:12:05","guid":{"rendered":"https:\/\/haberbesiktas.tr\/?p=47654"},"modified":"2026-01-09T08:12:05","modified_gmt":"2026-01-09T08:12:05","slug":"serikspor-gjoko-spasovu-sezon-sonuna-kadar-kiraladi","status":"publish","type":"post","link":"https:\/\/haberbesiktas.tr\/?p=47654","title":{"rendered":"Serikspor, Gjoko Spasov&#8217;u sezon sonuna kadar kiralad\u0131"},"content":{"rendered":"<div>\n<div>Trendyol 1. Lig tak\u0131mlar\u0131ndan Serikspor, Kuzey Makedonyal\u0131 19 ya\u015f\u0131ndaki oyuncu Gjoko Spasov&#8217;u kiral\u0131k olarak transfer etti.<\/div>\n<div>\u00a0<\/div>\n<div>Kul\u00fcb\u00fcn toplumsal medya hesab\u0131ndan yap\u0131lan a\u00e7\u0131klamada, &#8220;Kul\u00fcb\u00fcm\u00fcz, forvet ve sol kanat mevkisinde forma giyen Gjoko Spasov ile d\u00f6nem sonuna kadar kiral\u0131k olarak kontrat imzalam\u0131\u015ft\u0131r.&#8221; s\u00f6z\u00fcne yer verildi.<\/div>\n<\/p><\/div>\n","protected":false},"excerpt":{"rendered":"<p>Trendyol 1. Lig tak\u0131mlar\u0131ndan Serikspor, Kuzey Makedonyal\u0131 19 ya\u015f\u0131ndaki futbolcu Gjoko Spasov&#8217;u d\u00f6nem sonuna kadar kiral\u0131k olarak tak\u0131m\u0131na katt\u0131.<\/p>\n","protected":false},"author":1,"featured_media":47655,"comment_status":"open","ping_status":"open","sticky":false,"template":"","format":"standard","meta":{"footnotes":""},"categories":[25],"tags":[],"class_list":["post-47654","post","type-post","status-publish","format-standard","has-post-thumbnail","hentry","category-futbol"],"_links":{"self":[{"href":"https:\/\/haberbesiktas.tr\/index.php?rest_route=\/wp\/v2\/posts\/47654","targetHints":{"allow":["GET"]}}],"collection":[{"href":"https:\/\/haberbesiktas.tr\/index.php?rest_route=\/wp\/v2\/posts"}],"about":[{"href":"https:\/\/haberbesiktas.tr\/index.php?rest_route=\/wp\/v2\/types\/post"}],"author":[{"embeddable":true,"href":"https:\/\/haberbesiktas.tr\/index.php?rest_route=\/wp\/v2\/users\/1"}],"replies":[{"embeddable":true,"href":"https:\/\/haberbesiktas.tr\/index.php?rest_route=%2Fwp%2Fv2%2Fcomments&post=47654"}],"version-history":[{"count":1,"href":"https:\/\/haberbesiktas.tr\/index.php?rest_route=\/wp\/v2\/posts\/47654\/revisions"}],"predecessor-version":[{"id":47656,"href":"https:\/\/haberbesiktas.tr\/index.php?rest_route=\/wp\/v2\/posts\/47654\/revisions\/47656"}],"wp:featuredmedia":[{"embeddable":true,"href":"https:\/\/haberbesiktas.tr\/index.php?rest_route=\/wp\/v2\/media\/47655"}],"wp:attachment":[{"href":"https:\/\/haberbesiktas.tr\/index.php?rest_route=%2Fwp%2Fv2%2Fmedia&parent=47654"}],"wp:term":[{"taxonomy":"category","embeddable":true,"href":"https:\/\/haberbesiktas.tr\/index.php?rest_route=%2Fwp%2Fv2%2Fcategories&post=47654"},{"taxonomy":"post_tag","embeddable":true,"href":"https:\/\/haberbesiktas.tr\/index.php?rest_route=%2Fwp%2Fv2%2Ftags&post=47654"}],"curies":[{"name":"wp","href":"https:\/\/api.w.org\/{rel}","templated":true}]}}