{"id":47663,"date":"2026-01-09T08:48:05","date_gmt":"2026-01-09T08:48:05","guid":{"rendered":"https:\/\/haberbesiktas.tr\/?p=47663"},"modified":"2026-01-09T08:48:05","modified_gmt":"2026-01-09T08:48:05","slug":"galatasarayda-mutlu-son-can-armando-guner","status":"publish","type":"post","link":"https:\/\/haberbesiktas.tr\/?p=47663","title":{"rendered":"Galatasaray&#8217;da mutlu son: Can Armando G\u00fcner"},"content":{"rendered":"<div>Galatasaray, orta transfer periyodunda tak\u0131m\u0131n\u0131 g\u00fc\u00e7lendirmek i\u00e7in \u00e7al\u0131\u015fmalar\u0131n\u0131 h\u0131zland\u0131rd\u0131.<\/p>\n<p> Grupta d\u00fc\u015f\u00fcnmedi\u011fi birtak\u0131m oyuncularla yollar\u0131n\u0131 ay\u0131ran sar\u0131-k\u0131rm\u0131z\u0131l\u0131 tak\u0131m, devre ortas\u0131n\u0131n birinci transferinde Can Armando G\u00fcner&#8217;in transferinde sona geldi.<\/p>\n<p> <strong>\u0130STANBUL&#8217;A GEL\u0130\u015e TAR\u0130H\u0130<\/strong> <\/p>\n<p> HT Spor&#8217;un haberine nazaran gen\u00e7 futbolcu, 9 Ocak Cuma g\u00fcn\u00fc saat 16.00&#8217;da \u0130stanbul Havaliman\u0131&#8217;na ini\u015f yapacak.<\/p>\n<p> \u00d6te yandan gen\u00e7 y\u0131ld\u0131z\u0131n \u0130stanbul&#8217;a ini\u015finin akabinde cumartesi g\u00fcn\u00fc oynanacak Fenerbah\u00e7e derbisinde statta olmas\u0131 bekleniyor.<\/p>\n<p> <strong>KISA M\u00dcHLET \u0130\u00c7\u0130NDE A\u00c7IKLANMASI BEKLEN\u0130YOR<\/strong><\/p>\n<p> Sar\u0131-k\u0131rm\u0131z\u0131l\u0131lar, Almanya Bundesliga tak\u0131mlar\u0131ndan Borussia M\u00f6nchengladbach ile anla\u015farak resmi s\u00fcreci b\u00fcy\u00fck \u00f6l\u00e7\u00fcde tamamlad\u0131. Transferin k\u0131sa m\u00fchlet i\u00e7inde resmile\u015fmesi bekleniyor.<\/p>\n<p> Galatasaray&#8217;\u0131n M\u00f6nchengladbach&#8217;a \u00f6deyece\u011fi bedelin yakla\u015f\u0131k 200-250 bin Euro olaca\u011f\u0131 belirtiliyor.<\/p>\n<p> <strong>H\u00dcCUM SINIRININ HER B\u00d6LGES\u0130NDE OYNAYAB\u0130L\u0130YOR<\/strong><\/p>\n<p> Can Armando G\u00fcner, alt ya\u015f kategorilerinde Almanya ve Arjantin ulusal kadrolar\u0131nda forma giydi. Babas\u0131 T\u00fcrk olan gen\u00e7 futbolcu, atak s\u0131n\u0131r\u0131n\u0131n her b\u00f6lgesinde oynayabiliyor.\u00a0<\/p>\n<p> \u00a0<\/p>\n<\/div>\n","protected":false},"excerpt":{"rendered":"<p>Galatasaray, orta transferde Borussia M\u00f6nchengladbachl\u0131 Can Armando G\u00fcner&#8217;in transferinde sona geldi; gen\u00e7 futbolcu 9 Ocak&#8217;ta \u0130stanbul&#8217;a gelecek ve cumartesi Fenerbah\u00e7e derbisinde statta olacak.<\/p>\n","protected":false},"author":1,"featured_media":47664,"comment_status":"open","ping_status":"open","sticky":false,"template":"","format":"standard","meta":{"footnotes":""},"categories":[25],"tags":[],"class_list":["post-47663","post","type-post","status-publish","format-standard","has-post-thumbnail","hentry","category-futbol"],"_links":{"self":[{"href":"https:\/\/haberbesiktas.tr\/index.php?rest_route=\/wp\/v2\/posts\/47663","targetHints":{"allow":["GET"]}}],"collection":[{"href":"https:\/\/haberbesiktas.tr\/index.php?rest_route=\/wp\/v2\/posts"}],"about":[{"href":"https:\/\/haberbesiktas.tr\/index.php?rest_route=\/wp\/v2\/types\/post"}],"author":[{"embeddable":true,"href":"https:\/\/haberbesiktas.tr\/index.php?rest_route=\/wp\/v2\/users\/1"}],"replies":[{"embeddable":true,"href":"https:\/\/haberbesiktas.tr\/index.php?rest_route=%2Fwp%2Fv2%2Fcomments&post=47663"}],"version-history":[{"count":1,"href":"https:\/\/haberbesiktas.tr\/index.php?rest_route=\/wp\/v2\/posts\/47663\/revisions"}],"predecessor-version":[{"id":47665,"href":"https:\/\/haberbesiktas.tr\/index.php?rest_route=\/wp\/v2\/posts\/47663\/revisions\/47665"}],"wp:featuredmedia":[{"embeddable":true,"href":"https:\/\/haberbesiktas.tr\/index.php?rest_route=\/wp\/v2\/media\/47664"}],"wp:attachment":[{"href":"https:\/\/haberbesiktas.tr\/index.php?rest_route=%2Fwp%2Fv2%2Fmedia&parent=47663"}],"wp:term":[{"taxonomy":"category","embeddable":true,"href":"https:\/\/haberbesiktas.tr\/index.php?rest_route=%2Fwp%2Fv2%2Fcategories&post=47663"},{"taxonomy":"post_tag","embeddable":true,"href":"https:\/\/haberbesiktas.tr\/index.php?rest_route=%2Fwp%2Fv2%2Ftags&post=47663"}],"curies":[{"name":"wp","href":"https:\/\/api.w.org\/{rel}","templated":true}]}}