{"id":47666,"date":"2026-01-09T09:00:05","date_gmt":"2026-01-09T09:00:05","guid":{"rendered":"https:\/\/haberbesiktas.tr\/?p=47666"},"modified":"2026-01-09T09:00:05","modified_gmt":"2026-01-09T09:00:05","slug":"osimhen-lookman-gerginligi-sonrasi-baris-pozu","status":"publish","type":"post","link":"https:\/\/haberbesiktas.tr\/?p=47666","title":{"rendered":"Osimhen-Lookman gerginli\u011fi sonras\u0131 bar\u0131\u015f pozu"},"content":{"rendered":"<div>\n<div>Afrika Uluslar Kupas\u0131&#8217;nda Nijerya, son 16 \u00e7e\u015fidinde Mozambik&#8217;i 4-0 ma\u011flup ederek \u00e7eyrek finale y\u00fckseldi.<\/div>\n<div>\u00a0<\/div>\n<div>Ancak ma\u00e7 s\u0131ras\u0131nda Galatasarayl\u0131 golc\u00fc Victor Osimhen ile ekip arkada\u015f\u0131 Ademola Lookman ortas\u0131nda ya\u015fanan gerginlik g\u00fcndeme damgas\u0131n\u0131 vurmu\u015ftu.<\/div>\n<div>\u00a0<\/div>\n<div>Ma\u00e7\u0131n akabinde Osimhen&#8217;in ulusal kadrosu terk edip T\u00fcrkiye&#8217;ye d\u00f6nece\u011fi istikametindeki haberler, Nijerya Futbol Federasyonu Lideri&#8217;nin devreye girmesiyle yat\u0131\u015ft\u0131r\u0131lm\u0131\u015ft\u0131.<\/div>\n<div>\u00a0<\/div>\n<div>Ya\u015fanan olay\u0131n akabinde toplumsal medyada payla\u015f\u0131lan bir foto\u011fraf, iki oyuncunun ortas\u0131ndaki buzlar\u0131 eritti.<\/div>\n<div>\u00a0<\/div>\n<div>\u0130kilinin antrenman sonras\u0131 birlikte g\u00fclerek poz vermesi, hem ekip i\u00e7inde bar\u0131\u015f iletisi olarak de\u011ferlendirildi hem de Nijeryal\u0131 taraftarlar\u0131 sevindirdi.<\/div>\n<div>\u00a0<\/div>\n<div><img decoding=\"async\" src=\"https:\/\/haberbesiktas.tr\/wp-content\/uploads\/2026\/01\/osimhen-lookman-gerginligi-sonrasi-baris-pozu-0-VPSTMwEh.jpeg\"\/><\/div>\n<\/p><\/div>\n","protected":false},"excerpt":{"rendered":"<p>Afrika Uluslar Kupas\u0131 son 16 \u00e7e\u015fidinde Mozambik&#8217;i 4-0 yenen Nijerya&#8217;da Galatasarayl\u0131 Victor Osimhen ile ekip arkada\u015f\u0131 Lookman ortas\u0131nda ya\u015fanan gerginlik, antrenmandaki samimi kareyle son buldu.<\/p>\n","protected":false},"author":1,"featured_media":47667,"comment_status":"open","ping_status":"open","sticky":false,"template":"","format":"standard","meta":{"footnotes":""},"categories":[25],"tags":[],"class_list":["post-47666","post","type-post","status-publish","format-standard","has-post-thumbnail","hentry","category-futbol"],"_links":{"self":[{"href":"https:\/\/haberbesiktas.tr\/index.php?rest_route=\/wp\/v2\/posts\/47666","targetHints":{"allow":["GET"]}}],"collection":[{"href":"https:\/\/haberbesiktas.tr\/index.php?rest_route=\/wp\/v2\/posts"}],"about":[{"href":"https:\/\/haberbesiktas.tr\/index.php?rest_route=\/wp\/v2\/types\/post"}],"author":[{"embeddable":true,"href":"https:\/\/haberbesiktas.tr\/index.php?rest_route=\/wp\/v2\/users\/1"}],"replies":[{"embeddable":true,"href":"https:\/\/haberbesiktas.tr\/index.php?rest_route=%2Fwp%2Fv2%2Fcomments&post=47666"}],"version-history":[{"count":1,"href":"https:\/\/haberbesiktas.tr\/index.php?rest_route=\/wp\/v2\/posts\/47666\/revisions"}],"predecessor-version":[{"id":47669,"href":"https:\/\/haberbesiktas.tr\/index.php?rest_route=\/wp\/v2\/posts\/47666\/revisions\/47669"}],"wp:featuredmedia":[{"embeddable":true,"href":"https:\/\/haberbesiktas.tr\/index.php?rest_route=\/wp\/v2\/media\/47667"}],"wp:attachment":[{"href":"https:\/\/haberbesiktas.tr\/index.php?rest_route=%2Fwp%2Fv2%2Fmedia&parent=47666"}],"wp:term":[{"taxonomy":"category","embeddable":true,"href":"https:\/\/haberbesiktas.tr\/index.php?rest_route=%2Fwp%2Fv2%2Fcategories&post=47666"},{"taxonomy":"post_tag","embeddable":true,"href":"https:\/\/haberbesiktas.tr\/index.php?rest_route=%2Fwp%2Fv2%2Ftags&post=47666"}],"curies":[{"name":"wp","href":"https:\/\/api.w.org\/{rel}","templated":true}]}}