{"id":47679,"date":"2026-01-09T09:48:05","date_gmt":"2026-01-09T09:48:05","guid":{"rendered":"https:\/\/haberbesiktas.tr\/?p=47679"},"modified":"2026-01-09T09:48:05","modified_gmt":"2026-01-09T09:48:05","slug":"matteo-guendouzi-45-yilligina-fenerbahceli","status":"publish","type":"post","link":"https:\/\/haberbesiktas.tr\/?p=47679","title":{"rendered":"Matteo Guendouzi 4,5 y\u0131ll\u0131\u011f\u0131na Fenerbah\u00e7e&#8217;li"},"content":{"rendered":"<div>\n<div>\n<div>Fenerbah\u00e7e, Frans\u0131z ulusal futbolcu Matteo Guendouzi&#8217;yi tak\u0131m\u0131na katt\u0131.<\/div>\n<div>\u00a0<\/div>\n<div>Sar\u0131-lacivertli kul\u00fcp, 26 ya\u015f\u0131ndaki merkez orta saha oyuncusu ile 4,5 y\u0131ll\u0131k kontrat imzalad\u0131\u011f\u0131n\u0131 duyurdu. Guendouzi, 6 numaral\u0131 formay\u0131 giyecek.<\/div>\n<div>\u00a0<\/div>\n<div>Kul\u00fcp binas\u0131nda ger\u00e7ekle\u015ftirilen imza merasimine; Futbol \u015eubesi&#8217;nden Sorumlu Y\u00f6netim Kurulu \u00dcyesi Ertan Toruno\u011fullar\u0131, Futbol A.\u015e. Y\u00f6netim Kurulu \u00dcyeleri \u00d6mer Topba\u015f ve Turgay Terzi ile Sportif Y\u00f6netici Devin \u00d6zek kat\u0131ld\u0131.<\/div>\n<div>\u00a0<\/div>\n<div><strong>&#8220;CAM\u0130AMIZIN HAYAL ETT\u0130\u011e\u0130 SAVA\u015eAN GRUBU KURACA\u011eIZ&#8221;<\/strong><\/div>\n<div>\u00a0<\/div>\n<div>\u0130mza merasiminin akabinde konu\u015fan Ertan Toruno\u011fullar\u0131, Lider Sadettin Saran&#8217;\u0131n vizyonuna vurgu yapt\u0131.<\/div>\n<div>\u00a0<\/div>\n<div>Toruno\u011fullar\u0131, <strong>&#8220;Ba\u015fkan\u0131m\u0131z &#8216;Sahada sava\u015fan, sonuna kadar \u00e7aba eden, kaybetti\u011fimizde bile taraftar\u0131m\u0131z\u0131n alk\u0131\u015flayaca\u011f\u0131 bir grup kuraca\u011f\u0131z&#8217; diyordu. Biz de bunun temellerini at\u0131yoruz. Matteo&#8217;nun bu ekibin \u015fampiyonluk yolunda de\u011ferli bir kesimi olaca\u011f\u0131na inan\u0131yoruz. Taraftarlar\u0131m\u0131z rahat olsun. Sab\u0131rla, toplulu\u011fumuzun hayal etti\u011fi sava\u015fan kadrosu kuraca\u011f\u0131z,&#8221;<\/strong> s\u00f6zlerini kulland\u0131.<\/div>\n<div>\u00a0<\/div>\n<div><strong>DEV\u0130N \u00d6ZEK: &#8220;GER\u00c7EK B\u0130R SAVA\u015e\u00c7I&#8221;<\/strong><\/div>\n<div>\u00a0<\/div>\n<div>Sportif Y\u00f6netici Devin \u00d6zek ise Guendouzi&#8217;nin mentalitesine dikkat \u00e7ekti:<\/div>\n<div>\u00a0<\/div>\n<div><strong>&#8220;Bu transfer periyodunun en ba\u015f\u0131nda Matteo kalitesinde bir oyuncuyu tak\u0131m\u0131m\u0131za katmaktan b\u00fcy\u00fck memnunluk duyuyoruz. O ger\u00e7ek bir sava\u015f\u00e7\u0131. Alanda kul\u00fcp, grup ve taraftar i\u00e7in her \u015feyini veren bir oyuncu. D\u00f6rt \u00fcst d\u00fczey ligde ve Fransa Ulusal Ekibi&#8217;nde kendisini kan\u0131tlad\u0131. \u00d6n\u00fcm\u00fczdeki y\u0131llarda bize \u00e7ok \u015fey kataca\u011f\u0131ndan eminiz,&#8221;<\/strong> dedi.<\/div>\n<div>\u00a0<\/div>\n<div><strong>GUENDOUZI: &#8220;D\u00dcNYANIN EN B\u00dcY\u00dcK KUL\u00dcPLER\u0130NDEN B\u0130R\u0130&#8221;<\/strong><\/div>\n<div>\u00a0<\/div>\n<div>Yeni transfer Matteo Guendouzi ise sar\u0131-lacivertli formay\u0131 giymekten b\u00fcy\u00fck gurur duydu\u011funu belirtti.<\/div>\n<div>\u00a0<\/div>\n<div><strong>&#8220;Burada olmaktan \u00f6t\u00fcr\u00fc \u00e7ok memnunum. Bu benim ve ailem i\u00e7in \u00e7ok b\u00fcy\u00fck bir g\u00fcn. Fenerbah\u00e7e \u00e7ok b\u00fcy\u00fck bir kul\u00fcp, \u00e7ok b\u00fcy\u00fck bir tarihe sahip. Ba\u015fkan\u0131m\u0131z bana kul\u00fcb\u00fc, taraftar\u0131 ve gayeleri anlatt\u0131. Taraftar\u0131m\u0131z\u0131n yaratt\u0131\u011f\u0131 atmosferi biliyorum ve onlar\u0131n \u00f6n\u00fcnde birinci ma\u00e7\u0131ma \u00e7\u0131kmak i\u00e7in sab\u0131rs\u0131zlan\u0131yorum,&#8221;<\/strong> diye konu\u015ftu.<\/div>\n<div>\u00a0<\/div>\n<div>Frans\u0131z y\u0131ld\u0131z, taraftarlara da \u00f6zel bir bildiri g\u00f6ndererek,<\/div>\n<div>\u00a0<\/div>\n<div><strong>&#8220;Sosyal medyada \u00e7ok fazla sevgi bildirisi ald\u0131m. \u015eundan emin olsunlar; gerekirse alanda her \u015feyimi veririm. Umar\u0131m 12 y\u0131l aradan sonra lig \u015fampiyonlu\u011funu birlikte kazan\u0131r\u0131z ve burada kupalar kald\u0131r\u0131r\u0131z,&#8221;<\/strong> tabirlerini kulland\u0131.<\/div>\n<div>\u00a0<\/div>\n<div>Fenerbah\u00e7e, Matteo Guendouzi&#8217;ye <strong>&#8220;Ailemize be\u011fenilen geldin&#8221;<\/strong> derken, sar\u0131-lacivertli forma alt\u0131nda ba\u015far\u0131larla dolu bir meslek temennisinde bulundu.<\/div>\n<\/p><\/div>\n<\/p><\/div>\n","protected":false},"excerpt":{"rendered":"<p>Fenerbah\u00e7e, Frans\u0131z orta saha oyuncusu Matteo Guendouzi&#8217;yi 4,5 y\u0131ll\u0131k kontratla tak\u0131m\u0131na katt\u0131\u011f\u0131n\u0131 resmen duyurdu.<\/p>\n","protected":false},"author":1,"featured_media":47680,"comment_status":"open","ping_status":"open","sticky":false,"template":"","format":"standard","meta":{"footnotes":""},"categories":[25],"tags":[3602,543,3630,52,504],"class_list":["post-47679","post","type-post","status-publish","format-standard","has-post-thumbnail","hentry","category-futbol","tag-guendouzi","tag-kulup","tag-matteo","tag-takim","tag-taraftar"],"_links":{"self":[{"href":"https:\/\/haberbesiktas.tr\/index.php?rest_route=\/wp\/v2\/posts\/47679","targetHints":{"allow":["GET"]}}],"collection":[{"href":"https:\/\/haberbesiktas.tr\/index.php?rest_route=\/wp\/v2\/posts"}],"about":[{"href":"https:\/\/haberbesiktas.tr\/index.php?rest_route=\/wp\/v2\/types\/post"}],"author":[{"embeddable":true,"href":"https:\/\/haberbesiktas.tr\/index.php?rest_route=\/wp\/v2\/users\/1"}],"replies":[{"embeddable":true,"href":"https:\/\/haberbesiktas.tr\/index.php?rest_route=%2Fwp%2Fv2%2Fcomments&post=47679"}],"version-history":[{"count":1,"href":"https:\/\/haberbesiktas.tr\/index.php?rest_route=\/wp\/v2\/posts\/47679\/revisions"}],"predecessor-version":[{"id":47681,"href":"https:\/\/haberbesiktas.tr\/index.php?rest_route=\/wp\/v2\/posts\/47679\/revisions\/47681"}],"wp:featuredmedia":[{"embeddable":true,"href":"https:\/\/haberbesiktas.tr\/index.php?rest_route=\/wp\/v2\/media\/47680"}],"wp:attachment":[{"href":"https:\/\/haberbesiktas.tr\/index.php?rest_route=%2Fwp%2Fv2%2Fmedia&parent=47679"}],"wp:term":[{"taxonomy":"category","embeddable":true,"href":"https:\/\/haberbesiktas.tr\/index.php?rest_route=%2Fwp%2Fv2%2Fcategories&post=47679"},{"taxonomy":"post_tag","embeddable":true,"href":"https:\/\/haberbesiktas.tr\/index.php?rest_route=%2Fwp%2Fv2%2Ftags&post=47679"}],"curies":[{"name":"wp","href":"https:\/\/api.w.org\/{rel}","templated":true}]}}