{"id":47682,"date":"2026-01-09T10:00:04","date_gmt":"2026-01-09T10:00:04","guid":{"rendered":"https:\/\/haberbesiktas.tr\/?p=47682"},"modified":"2026-01-09T10:00:04","modified_gmt":"2026-01-09T10:00:04","slug":"galatasaray-besiktas-basketbol-derbisinin-saati-degisti","status":"publish","type":"post","link":"https:\/\/haberbesiktas.tr\/?p=47682","title":{"rendered":"Galatasaray\u2013Be\u015fikta\u015f basketbol derbisinin saati de\u011fi\u015fti"},"content":{"rendered":"<div>\n<div>T\u00fcrkiye Sigorta Basketbol Muhte\u015fem Ligi&#8217;nin 15. haftas\u0131nda yap\u0131lacak Galatasaray MCT Technic-Be\u015fikta\u015f GA\u0130N ma\u00e7\u0131n\u0131n ba\u015flang\u0131\u00e7 saatinde de\u011fi\u015fikli\u011fe gidildi.<\/div>\n<div>\u00a0<\/div>\n<div>Siyah-beyazl\u0131 kul\u00fcpten yap\u0131lan a\u00e7\u0131klamada, Turkcell Basketbol Geli\u015fim Merkezi&#8217;nde 10 Ocak Cumartesi g\u00fcn\u00fc oynanacak derbinin ba\u015flang\u0131\u00e7 saatinin g\u00fcvenlik \u00f6nlemleri nedeniyle saat 15.30&#8217;dan 13.00&#8217;e al\u0131nd\u0131\u011f\u0131 belirtildi.<\/div>\n<\/p><\/div>\n","protected":false},"excerpt":{"rendered":"<p>T\u00fcrkiye Sigorta Basketbol \u00dcst\u00fcn Ligi&#8217;nin 15. haftas\u0131nda oynanacak Galatasaray MCT Technic\u2013Be\u015fikta\u015f GA\u0130N m\u00fcsabakas\u0131n\u0131n ba\u015flama saati de\u011fi\u015ftirildi.<\/p>\n","protected":false},"author":1,"featured_media":47683,"comment_status":"open","ping_status":"open","sticky":false,"template":"","format":"standard","meta":{"footnotes":""},"categories":[10],"tags":[],"class_list":["post-47682","post","type-post","status-publish","format-standard","has-post-thumbnail","hentry","category-basketbol"],"_links":{"self":[{"href":"https:\/\/haberbesiktas.tr\/index.php?rest_route=\/wp\/v2\/posts\/47682","targetHints":{"allow":["GET"]}}],"collection":[{"href":"https:\/\/haberbesiktas.tr\/index.php?rest_route=\/wp\/v2\/posts"}],"about":[{"href":"https:\/\/haberbesiktas.tr\/index.php?rest_route=\/wp\/v2\/types\/post"}],"author":[{"embeddable":true,"href":"https:\/\/haberbesiktas.tr\/index.php?rest_route=\/wp\/v2\/users\/1"}],"replies":[{"embeddable":true,"href":"https:\/\/haberbesiktas.tr\/index.php?rest_route=%2Fwp%2Fv2%2Fcomments&post=47682"}],"version-history":[{"count":1,"href":"https:\/\/haberbesiktas.tr\/index.php?rest_route=\/wp\/v2\/posts\/47682\/revisions"}],"predecessor-version":[{"id":47684,"href":"https:\/\/haberbesiktas.tr\/index.php?rest_route=\/wp\/v2\/posts\/47682\/revisions\/47684"}],"wp:featuredmedia":[{"embeddable":true,"href":"https:\/\/haberbesiktas.tr\/index.php?rest_route=\/wp\/v2\/media\/47683"}],"wp:attachment":[{"href":"https:\/\/haberbesiktas.tr\/index.php?rest_route=%2Fwp%2Fv2%2Fmedia&parent=47682"}],"wp:term":[{"taxonomy":"category","embeddable":true,"href":"https:\/\/haberbesiktas.tr\/index.php?rest_route=%2Fwp%2Fv2%2Fcategories&post=47682"},{"taxonomy":"post_tag","embeddable":true,"href":"https:\/\/haberbesiktas.tr\/index.php?rest_route=%2Fwp%2Fv2%2Ftags&post=47682"}],"curies":[{"name":"wp","href":"https:\/\/api.w.org\/{rel}","templated":true}]}}